{"id":71511,"date":"2026-03-06T16:47:54","date_gmt":"2026-03-06T19:47:54","guid":{"rendered":"https:\/\/fundacaofemar.org.br\/portalwordpress\/?p=71511"},"modified":"2026-03-06T17:01:53","modified_gmt":"2026-03-06T20:01:53","slug":"processo-seletivo-publico-01-2026","status":"publish","type":"post","link":"https:\/\/fundacaofemar.org.br\/portalwordpress\/2026\/03\/06\/processo-seletivo-publico-01-2026\/","title":{"rendered":"Processo Seletivo P\u00fablico n\u00ba 01\/2026 &#8211; Aquisi\u00e7\u00e3o de Equipamentos para Videoconfer\u00eancia"},"content":{"rendered":"<div class=\"post-content\">\t\t<div data-elementor-type=\"wp-post\" data-elementor-id=\"71511\" class=\"elementor elementor-71511\">\n\t\t\t\t\t\t<section class=\"elementor-section elementor-top-section elementor-element elementor-element-cd639ea elementor-section-boxed elementor-section-height-default elementor-section-height-default\" data-id=\"cd639ea\" data-element_type=\"section\">\n\t\t\t\t\t\t<div class=\"elementor-container elementor-column-gap-default\">\n\t\t\t\t\t<div class=\"elementor-column elementor-col-100 elementor-top-column elementor-element elementor-element-6f464ee5\" data-id=\"6f464ee5\" data-element_type=\"column\">\n\t\t\t<div class=\"elementor-widget-wrap elementor-element-populated\">\n\t\t\t\t\t\t<div class=\"elementor-element elementor-element-31dcab32 elementor-widget__width-initial elementor-widget elementor-widget-text-editor\" data-id=\"31dcab32\" data-element_type=\"widget\" data-widget_type=\"text-editor.default\">\n\t\t\t\t<div class=\"elementor-widget-container\">\n\t\t\t\t\t\t\t\t\t<div>\n<div class=\"x_elementToProof\">\n<div data-olk-copy-source=\"MessageBody\"><strong>A FUNDA\u00c7\u00c3O DE ESTUDOS DO MAR<\/strong> \u2013 FEMAR, entidade privada, sem finalidade lucrativa, regida por seu Estatuto Social, torna p\u00fablico, para conhecimento dos interessados, a realiza\u00e7\u00e3o de PROCESSO SELETIVO P\u00daBLICO NO FORMATO ELETR\u00d4NICO, no modo de DISPUTA ABERTA, com julgamento pelo crit\u00e9rio de MENOR PRE\u00c7O, na plataforma COTABOX, com a finalidade de selecionar a proposta de pre\u00e7o mais vantajosa, segundo as condi\u00e7\u00f5es e especifica\u00e7\u00f5es fixadas neste instrumento convocat\u00f3rio e em seus anexos.<\/div>\n<div data-olk-copy-source=\"MessageBody\">\u00a0<\/div>\n<div aria-hidden=\"true\">\u00a0<\/div>\n<div>O processo Seletivo P\u00fablico e seus respectivos procedimentos est\u00e3o adstritos \u00e0s exig\u00eancias legais contidas no Decreto n\u00ba 8.241\/2014, aos princ\u00edpios da impessoalidade, moralidade, probidade, publicidade, transpar\u00eancia, efici\u00eancia, competitividade, economia, busca permanente\u00a0de\u00a0qualidade, durabilidade e vincula\u00e7\u00e3o ao instrumento convocat\u00f3rio\u00a0e seus anexos, assim como nos princ\u00edpios da teoria geral dos contratos e C\u00f3digo Civil\u00a0devendo ser observadas as seguintes informa\u00e7\u00f5es:<\/div>\n<div>\u00a0<\/div>\n<div aria-hidden=\"true\">\u00a0<\/div>\n<div><b>Objeto<\/b>: Aquisi\u00e7\u00e3o de Equipamentos para Videoconfer\u00eancia<\/div>\n<div>Finalidade da presente contrata\u00e7\u00e3o: Atender ao Conv\u00eanio n\u00ba 23000\/2023-014-\/00, celebrado entre o Centro de An\u00e1lises de Sistemas Navais &#8211; CASNAV e a Funda\u00e7\u00e3o de Estudos do Mar \u2013 FEMAR.<\/div>\n<div>\u00a0<\/div>\n<div aria-hidden=\"true\">\u00a0<\/div>\n<div><strong>Data-limite<\/strong> para solicita\u00e7\u00e3o\u00a0de\u00a0esclarecimento: 09\/03\/2026, at\u00e9 \u00e0s 14h;<\/div>\n<div>\u00a0<\/div>\n<div>\u00a0<\/div>\n<div><strong>Data-limite<\/strong> para impugna\u00e7\u00e3o do edital: 10\/03\/2026, at\u00e9 \u00e0s 14h;<\/div>\n<div>\u00a0<\/div>\n<div>\u00a0<\/div>\n<div><strong>Data-limite<\/strong> para entrega das propostas de pre\u00e7os: 13\/03\/2026, at\u00e9 \u00e0s 15h;<\/div>\n<div>\u00a0<\/div>\n<div>\u00a0<\/div>\n<div><strong>Data-limite<\/strong> para entrega da documenta\u00e7\u00e3o habilita\u00e7\u00e3o: 16\/03\/2026, at\u00e9 \u00e0s 16h; e<\/div>\n<div>\u00a0<\/div>\n<div>\u00a0<\/div>\n<div><strong>Data limite<\/strong> para divulga\u00e7\u00e3o do resultado final at\u00e9: 17\/03\/2026.<\/div>\n<div>\u00a0<\/div>\n<\/div>\n<\/div>\n<div>\u00a0<\/div>\n<div>Desde j\u00e1, agrade\u00e7o a parceria de sempre, segue o anexo referente ao <strong>Processo Setivo P\u00fablico n\u00ba 01\/2026<\/strong><\/div>\n<div role=\"presentation\">\n<div data-olk-copy-source=\"MessageBody\">\n<p><a href=\"https:\/\/fundacaofemar.org.br\/portalwordpress\/wp-content\/uploads\/2026\/03\/PSP-01.2026-Equip-Videoconferencia_assinado.pdf\">Baixar Edital\u00a0<\/a><\/p>\n<\/div>\n<\/div>\n<p><!-- \/wp:paragraph --><!-- wp:paragraph --><\/p>\n<p>\u00a0<\/p>\n<p><!-- \/wp:buttons --><!-- wp:paragraph --><\/p>\n<p><!-- \/wp:paragraph --><\/p>\t\t\t\t\t\t\t\t<\/div>\n\t\t\t\t<\/div>\n\t\t\t\t\t<\/div>\n\t\t<\/div>\n\t\t\t\t\t<\/div>\n\t\t<\/section>\n\t\t\t\t<\/div>\n\t\t<\/div>","protected":false},"excerpt":{"rendered":"<p> Processo Seletivo P\u00fablico n\u00ba 01\/2026 &#8211; Aquisi\u00e7\u00e3o de Equipamentos para Videoconfer\u00eancia<\/p>\n","protected":false},"author":9,"featured_media":7333,"comment_status":"closed","ping_status":"closed","sticky":false,"template":"","format":"standard","meta":{"footnotes":""},"categories":[35,30],"tags":[46,43],"class_list":["post-71511","post","type-post","status-publish","format-standard","has-post-thumbnail","hentry","category-licitacoes","category-comunicados-compras","tag-processo-publico","tag-status-aberto"],"rise-blocks_total_comments":0,"rise-blocks_categories":[{"term_id":35,"name":"Licita\u00e7\u00f5es","slug":"licitacoes","term_group":0,"term_taxonomy_id":35,"taxonomy":"category","description":"","parent":0,"count":118,"filter":"raw","cat_ID":35,"category_count":118,"category_description":"","cat_name":"Licita\u00e7\u00f5es","category_nicename":"licitacoes","category_parent":0},{"term_id":30,"name":"Portal de Compras","slug":"comunicados-compras","term_group":0,"term_taxonomy_id":30,"taxonomy":"category","description":"","parent":0,"count":150,"filter":"raw","cat_ID":30,"category_count":150,"category_description":"","cat_name":"Portal de Compras","category_nicename":"comunicados-compras","category_parent":0}],"rise-blocks_excerpt":" Processo Seletivo P\u00fablico n\u00ba 01\/2026 - Aquisi\u00e7\u00e3o de Equipamentos para Videoconfer\u00eancia\n","_links":{"self":[{"href":"https:\/\/fundacaofemar.org.br\/portalwordpress\/wp-json\/wp\/v2\/posts\/71511","targetHints":{"allow":["GET"]}}],"collection":[{"href":"https:\/\/fundacaofemar.org.br\/portalwordpress\/wp-json\/wp\/v2\/posts"}],"about":[{"href":"https:\/\/fundacaofemar.org.br\/portalwordpress\/wp-json\/wp\/v2\/types\/post"}],"author":[{"embeddable":true,"href":"https:\/\/fundacaofemar.org.br\/portalwordpress\/wp-json\/wp\/v2\/users\/9"}],"replies":[{"embeddable":true,"href":"https:\/\/fundacaofemar.org.br\/portalwordpress\/wp-json\/wp\/v2\/comments?post=71511"}],"version-history":[{"count":0,"href":"https:\/\/fundacaofemar.org.br\/portalwordpress\/wp-json\/wp\/v2\/posts\/71511\/revisions"}],"wp:featuredmedia":[{"embeddable":true,"href":"https:\/\/fundacaofemar.org.br\/portalwordpress\/wp-json\/wp\/v2\/media\/7333"}],"wp:attachment":[{"href":"https:\/\/fundacaofemar.org.br\/portalwordpress\/wp-json\/wp\/v2\/media?parent=71511"}],"wp:term":[{"taxonomy":"category","embeddable":true,"href":"https:\/\/fundacaofemar.org.br\/portalwordpress\/wp-json\/wp\/v2\/categories?post=71511"},{"taxonomy":"post_tag","embeddable":true,"href":"https:\/\/fundacaofemar.org.br\/portalwordpress\/wp-json\/wp\/v2\/tags?post=71511"}],"curies":[{"name":"wp","href":"https:\/\/api.w.org\/{rel}","templated":true}]}}