{"id":71549,"date":"2026-03-09T15:30:11","date_gmt":"2026-03-09T18:30:11","guid":{"rendered":"https:\/\/fundacaofemar.org.br\/portalwordpress\/?p=71549"},"modified":"2026-03-13T13:44:55","modified_gmt":"2026-03-13T16:44:55","slug":"aquisicao-misturador-planetario","status":"publish","type":"post","link":"https:\/\/fundacaofemar.org.br\/portalwordpress\/2026\/03\/09\/aquisicao-misturador-planetario\/","title":{"rendered":"Cotac\u00e3o de Pre\u00e7os n\u00ba 03\/2026 &#8211; Aquisi\u00e7\u00e3o Misturador Planet\u00e1rio"},"content":{"rendered":"<div class=\"post-content\">\t\t<div data-elementor-type=\"wp-post\" data-elementor-id=\"71549\" class=\"elementor elementor-71549\">\n\t\t\t\t\t\t<section class=\"elementor-section elementor-top-section elementor-element elementor-element-cd639ea elementor-section-boxed elementor-section-height-default elementor-section-height-default\" data-id=\"cd639ea\" data-element_type=\"section\">\n\t\t\t\t\t\t<div class=\"elementor-container elementor-column-gap-default\">\n\t\t\t\t\t<div class=\"elementor-column elementor-col-100 elementor-top-column elementor-element elementor-element-6f464ee5\" data-id=\"6f464ee5\" data-element_type=\"column\">\n\t\t\t<div class=\"elementor-widget-wrap elementor-element-populated\">\n\t\t\t\t\t\t<div class=\"elementor-element elementor-element-31dcab32 elementor-widget__width-initial elementor-widget elementor-widget-text-editor\" data-id=\"31dcab32\" data-element_type=\"widget\" data-widget_type=\"text-editor.default\">\n\t\t\t\t<div class=\"elementor-widget-container\">\n\t\t\t\t\t\t\t\t\t<div data-olk-copy-source=\"MessageBody\"><strong>A FUNDA\u00c7\u00c3O DE ESTUDOS DO MAR<\/strong> &#8211; FEMAR torna p\u00fablico para conhecimento dos interessados, a realiza\u00e7\u00e3o de COTA\u00c7\u00c3O DE PRE\u00c7OS, a ser julgada pelo crit\u00e9rio de MENOR PRE\u00c7O, com modo de disputa aberto, por meio de lances, a ser realizada na FEMAR, com transmiss\u00e3o por videoconfer\u00eancia na plataforma Microsoft Teams, com o objetivo de selecionar Proposta de Pre\u00e7o mais vantajosa, segundo as condi\u00e7\u00f5es e especifica\u00e7\u00f5es fixadas neste instrumento e em seus anexos.<br>O presente processo licitat\u00f3rio encontra-se amparado nas regras do Manual de Conv\u00eanio e Termo de Coopera\u00e7\u00e3o da FINEP; bem como na Instru\u00e7\u00e3o Normativa do Conselho Diretor do Fundo Nacional de Desenvolvimento Cient\u00edfico e Tecnol\u00f3gico &#8211; CD-FNDCT N\u00ba 1\/2010; e nos princ\u00edpios da impessoalidade, moralidade, probidade, publicidade, transpar\u00eancia, efici\u00eancia, competitividade, busca permanente de qualidade e durabilidade, vincula\u00e7\u00e3o ao Termo de Refer\u00eancia e anexos, assim como nos princ\u00edpios da teoria geral dos contratos, devendo ser observado as seguintes datas e orienta\u00e7\u00f5es:<\/div>\n<div aria-hidden=\"true\">&nbsp;<\/div>\n<div><strong>OBJETO:<\/strong>&nbsp;Aquisi\u00e7\u00e3o e instala\u00e7\u00e3o de um misturador planet\u00e1rio com p\u00e1s tipo sigma, com capacidade de 1 (um) litro, destinado ao Laborat\u00f3rio Microusina, integrante do Grupo de Tecnologia de Materiais e Qu\u00edmica do IPqM, no \u00e2mbito do projeto IPQM LABMAVMB.<\/div>\n<div>\n<p><strong>Crit\u00e9rio de julgamento:<\/strong>&nbsp;MENOR PRE\u00c7O, modo de disputa aberto, observadas as exig\u00eancias contidas na Cota\u00e7\u00e3o e seus Anexos quanto \u00e0s especifica\u00e7\u00f5es do objeto.<\/p>\n<\/div>\n<div>\n<p><strong>Finalidade da presente aquisi\u00e7\u00e3o:<\/strong>&nbsp;Atender ao Conv\u00eanio n\u00ba 01.24.0439.00 celebrado entre a Financiadora de Estudos e Projetos \u2013 FINEP e a Funda\u00e7\u00e3o de Estudos do Mar \u2013 FEMAR (Convenentes) e o Instituto de Pesquisa da Marinha \u2013 IPQM, denominado Executor. A aquisi\u00e7\u00e3o do misturador planet\u00e1rio tem como finalidade aumentar a capacidade de fabrica\u00e7\u00e3o de propolentes no Instituto de Pesquisas da Marinha &#8211; IPQM, permitindo atender de forma mais eficiente \u00e0s demandas dos \u00f3rg\u00e3os superiores da Marinha, bem como melhorar a qualidade e a produtividade das atividades de pesquisa e desenvolvimento conduzidas pelo laborat\u00f3rio.<\/p>\n<\/div>\n<div>\n<p><strong>Data-limite<\/strong> para solicita\u00e7\u00e3o de esclarecimento:&nbsp;10\/03\/2026, at\u00e9 \u00e0s 12:00h;<\/p>\n<\/div>\n<div>\n<p>Data de realiza\u00e7\u00e3o da sess\u00e3o p\u00fablica e entrega das Propostas de Pre\u00e7os,&nbsp;a abertura das propostas comerciais, posterior divulga\u00e7\u00e3o do resultado e fase de lances, tudo no ambiente Virtual Microsoft Teams: 16\/03\/2026, \u00e0s 09:30.<\/p>\n<\/div>\n<div><strong>Data-limite<\/strong> para apresenta\u00e7\u00e3o dos documentos de habilita\u00e7\u00e3o:&nbsp;17\/03\/2026; at\u00e9 \u00e0s 10:00h; e<\/div>\n<div>&nbsp;<\/div>\n<div><strong>Data-limite<\/strong> para divulga\u00e7\u00e3o do resultado final das fases de lances e habilita\u00e7\u00e3o at\u00e9:&nbsp;18\/03\/2026.<\/div>\n<div aria-hidden=\"true\">&nbsp;<\/div>\n<div aria-hidden=\"true\">&nbsp;<\/div>\n<div>Cabe destacar que a FEMAR \u00e9 uma funda\u00e7\u00e3o privada, sem fins lucrativos. Dessa forma, o processo de&nbsp;COTA\u00c7\u00c3O DE PRE\u00c7OS&nbsp;e seus respectivos procedimentos est\u00e3o vinculados aos princ\u00edpios da impessoalidade, moralidade, probidade, publicidade, transpar\u00eancia, efici\u00eancia, competitividade, economicidade, busca permanente da qualidade e durabilidade, al\u00e9m da vincula\u00e7\u00e3o ao instrumento convocat\u00f3rio e aos princ\u00edpios da teoria geral dos contratos.<\/div>\n<div aria-hidden=\"true\">&nbsp;<\/div>\n<div>Agradecemos a participa\u00e7\u00e3o&nbsp;de&nbsp;todos e convidamos a conhecerem o&nbsp;Portal&nbsp;de&nbsp;Compras&nbsp;da&nbsp;FEMAR&nbsp;no&nbsp;endere\u00e7o: <a title=\"https:\/\/fundacaofemar.org.br\/portalwordpress\/portal-de-compras\/\" href=\"https:\/\/fundacaofemar.org.br\/portalwordpress\/portal-de-compras\/\" target=\"_blank\" rel=\"noopener noreferrer\" data-auth=\"NotApplicable\" data-linkindex=\"1\">https:\/\/fundacaofemar.org.br\/portalwordpress\/portal-de-compras\/<\/a>&nbsp;<\/div>\n<div aria-hidden=\"true\">&nbsp;<\/div><div aria-hidden=\"true\"><span style=\"margin-top: 1em; margin-bottom: 1em; font-family: Aptos, Aptos_EmbeddedFont, Aptos_MSFontService, Calibri, Helvetica, sans-serif; font-size: 12pt; color: #000000;\" data-olk-copy-source=\"MessageBody\">A Funda\u00e7\u00e3o de Estudos do Mar \u2013 FEMAR torna p\u00fablica a Errata \u00e0 Cota\u00e7\u00e3o de Pre\u00e7os n\u00ba 03\/2026, referente \u00e0 aquisi\u00e7\u00e3o de Misturador Planet\u00e1rio.<\/span><\/div><div role=\"presentation\"><div data-olk-copy-source=\"MessageBody\"><p><span style=\"margin-top: 1em; margin-bottom: 1em; font-family: Aptos, Aptos_EmbeddedFont, Aptos_MSFontService, Calibri, Helvetica, sans-serif; font-size: 12pt; color: #000000;\" data-olk-copy-source=\"MessageBody\"><span data-olk-copy-source=\"MessageBody\">ERRATA \u2013 COTA\u00c7\u00c3O DE PRE\u00c7OS N\u00ba 03\/2026 \u2013 MISTURADOR PLANET\u00c1RIO<\/span><\/span><\/p>\n<p><a href=\"https:\/\/fundacaofemar.org.br\/portalwordpress\/wp-content\/uploads\/2026\/03\/Errata_Cotacao_03.2026_assinado.pdf\">Baixar Errata<\/a>&nbsp;<\/p>\n<\/div>\n<\/div>\n<p><!-- \/wp:paragraph --><!-- wp:paragraph --><\/p>\n<p><\/p>\n<p><!-- \/wp:buttons --><!-- wp:paragraph --><\/p>\n<p><!-- \/wp:paragraph --><\/p>\t\t\t\t\t\t\t\t<\/div>\n\t\t\t\t<\/div>\n\t\t\t\t\t<\/div>\n\t\t<\/div>\n\t\t\t\t\t<\/div>\n\t\t<\/section>\n\t\t\t\t<\/div>\n\t\t<\/div>","protected":false},"excerpt":{"rendered":"<p> Processo Seletivo P\u00fablico n\u00ba 01\/2026 &#8211; Aquisi\u00e7\u00e3o de Equipamentos para Videoconfer\u00eancia<\/p>\n","protected":false},"author":9,"featured_media":7333,"comment_status":"closed","ping_status":"closed","sticky":false,"template":"","format":"standard","meta":{"footnotes":""},"categories":[35,30],"tags":[42,43],"class_list":["post-71549","post","type-post","status-publish","format-standard","has-post-thumbnail","hentry","category-licitacoes","category-comunicados-compras","tag-cotacao-de-precos","tag-status-aberto"],"rise-blocks_total_comments":0,"rise-blocks_categories":[{"term_id":35,"name":"Licita\u00e7\u00f5es","slug":"licitacoes","term_group":0,"term_taxonomy_id":35,"taxonomy":"category","description":"","parent":0,"count":118,"filter":"raw","cat_ID":35,"category_count":118,"category_description":"","cat_name":"Licita\u00e7\u00f5es","category_nicename":"licitacoes","category_parent":0},{"term_id":30,"name":"Portal de Compras","slug":"comunicados-compras","term_group":0,"term_taxonomy_id":30,"taxonomy":"category","description":"","parent":0,"count":150,"filter":"raw","cat_ID":30,"category_count":150,"category_description":"","cat_name":"Portal de Compras","category_nicename":"comunicados-compras","category_parent":0}],"rise-blocks_excerpt":" Processo Seletivo P\u00fablico n\u00ba 01\/2026 - Aquisi\u00e7\u00e3o de Equipamentos para Videoconfer\u00eancia\n","_links":{"self":[{"href":"https:\/\/fundacaofemar.org.br\/portalwordpress\/wp-json\/wp\/v2\/posts\/71549","targetHints":{"allow":["GET"]}}],"collection":[{"href":"https:\/\/fundacaofemar.org.br\/portalwordpress\/wp-json\/wp\/v2\/posts"}],"about":[{"href":"https:\/\/fundacaofemar.org.br\/portalwordpress\/wp-json\/wp\/v2\/types\/post"}],"author":[{"embeddable":true,"href":"https:\/\/fundacaofemar.org.br\/portalwordpress\/wp-json\/wp\/v2\/users\/9"}],"replies":[{"embeddable":true,"href":"https:\/\/fundacaofemar.org.br\/portalwordpress\/wp-json\/wp\/v2\/comments?post=71549"}],"version-history":[{"count":0,"href":"https:\/\/fundacaofemar.org.br\/portalwordpress\/wp-json\/wp\/v2\/posts\/71549\/revisions"}],"wp:featuredmedia":[{"embeddable":true,"href":"https:\/\/fundacaofemar.org.br\/portalwordpress\/wp-json\/wp\/v2\/media\/7333"}],"wp:attachment":[{"href":"https:\/\/fundacaofemar.org.br\/portalwordpress\/wp-json\/wp\/v2\/media?parent=71549"}],"wp:term":[{"taxonomy":"category","embeddable":true,"href":"https:\/\/fundacaofemar.org.br\/portalwordpress\/wp-json\/wp\/v2\/categories?post=71549"},{"taxonomy":"post_tag","embeddable":true,"href":"https:\/\/fundacaofemar.org.br\/portalwordpress\/wp-json\/wp\/v2\/tags?post=71549"}],"curies":[{"name":"wp","href":"https:\/\/api.w.org\/{rel}","templated":true}]}}