{"id":71611,"date":"2026-03-16T13:15:35","date_gmt":"2026-03-16T16:15:35","guid":{"rendered":"https:\/\/fundacaofemar.org.br\/portalwordpress\/?p=71611"},"modified":"2026-03-16T13:15:50","modified_gmt":"2026-03-16T16:15:50","slug":"femar-rebece-visita-de-representantes-da-daerm-e-do-ipqm","status":"publish","type":"post","link":"https:\/\/fundacaofemar.org.br\/portalwordpress\/2026\/03\/16\/femar-rebece-visita-de-representantes-da-daerm-e-do-ipqm\/","title":{"rendered":"FEMAR REBECE VISITA DE REPRESENTANTES DA DAerM E DO IPqM"},"content":{"rendered":"<div class=\"post-content\">\n<p>No dia 11 de mar\u00e7o, visitaram a Funda\u00e7\u00e3o de Estudos do Mar (FEMAR), o Diretor de Aeron\u00e1utica da Marinha, Contra-Almirante Washington Luiz de Paula Santos, e, o Diretor do Instituto de Pesquisas da Marinha, CMG (EN) Carlos Eduardo de Freitas Savioli.<\/p>\n\n\n<div class=\"wp-block-image\">\n<figure class=\"aligncenter size-large is-resized\"><img fetchpriority=\"high\" decoding=\"async\" width=\"1024\" height=\"577\" src=\"https:\/\/fundacaofemar.org.br\/portalwordpress\/wp-content\/uploads\/2026\/03\/013-1024x577.jpg\" alt=\"\" class=\"wp-image-71612\" style=\"width:706px;height:auto\" srcset=\"https:\/\/fundacaofemar.org.br\/portalwordpress\/wp-content\/uploads\/2026\/03\/013-1024x577.jpg 1024w, https:\/\/fundacaofemar.org.br\/portalwordpress\/wp-content\/uploads\/2026\/03\/013-300x169.jpg 300w, https:\/\/fundacaofemar.org.br\/portalwordpress\/wp-content\/uploads\/2026\/03\/013-768x432.jpg 768w, https:\/\/fundacaofemar.org.br\/portalwordpress\/wp-content\/uploads\/2026\/03\/013-1536x865.jpg 1536w, https:\/\/fundacaofemar.org.br\/portalwordpress\/wp-content\/uploads\/2026\/03\/013-2048x1153.jpg 2048w\" sizes=\"(max-width: 1024px) 100vw, 1024px\" \/><\/figure><\/div>\n\n\n<p>Na ocasi\u00e3o, o Presidente da FEMAR, Almirante de Esquadra (RM1) Marcelo Francisco Campos, acompanhado pelo Superintendente T\u00e9cnico, CMG (RM1) Paulo Cesar Ferreira Santos, realizou uma apresenta\u00e7\u00e3o sobre o hist\u00f3rico, a organiza\u00e7\u00e3o e as principais atividades desenvolvidas pela Funda\u00e7\u00e3o.<\/p>\n\n\n\n<p>Em particular, ressaltou a capacidade da Institui\u00e7\u00e3o para apoiar a Diretoria de Aeron\u00e1utica da Marinha (DAerM) e o Instituto de Pesquisas da Marinha (IPqM) no projeto de desenvolvimento de um sistema de monitoramento da costa brasileira com a utiliza\u00e7\u00e3o de um drone de alto desempenho, a ser financiado pela PETROBRAS &#8211; Petr\u00f3leo Brasileiro S\/A.<\/p>\n\n\n\n<h4 class=\"wp-block-heading has-text-align-center\"><strong><mark style=\"background-color:rgba(0, 0, 0, 0)\" class=\"has-inline-color has-vivid-cyan-blue-color\"><strong><strong>Funda\u00e7\u00e3o Pioneira da Maritimidade no Brasil<\/strong><\/strong><\/mark><\/strong><\/h4>\n\n\n\n<figure class=\"wp-block-pullquote\"><blockquote><p><strong><em><mark style=\"background-color:rgba(0, 0, 0, 0)\" class=\"has-inline-color has-black-color\">N\u00e3o deixe de acompanhar nossas novidades nos links abaixo:<\/mark><\/em><\/strong><br><a href=\"http:\/\/linktr.ee\/fundacaofemar\" target=\"_blank\" rel=\"noreferrer noopener\"><strong>http:\/\/linktr.ee\/fundacaofemar<\/strong><\/a><\/p><\/blockquote><\/figure>\n\n\n\n<p><\/p>\n<\/div>","protected":false},"excerpt":{"rendered":"<p>No dia 11 de mar\u00e7o, visitaram a Funda\u00e7\u00e3o de Estudos do Mar (FEMAR), o Diretor<a href=\"https:\/\/fundacaofemar.org.br\/portalwordpress\/2026\/03\/16\/femar-rebece-visita-de-representantes-da-daerm-e-do-ipqm\/\" class=\"bizfit-read-more\">Leia Mais<i class=\"fa fa-long-arrow-right\" aria-hidden=\"true\"><\/i><\/a><\/p>\n","protected":false},"author":9,"featured_media":0,"comment_status":"closed","ping_status":"closed","sticky":false,"template":"","format":"standard","meta":{"footnotes":""},"categories":[29,2],"tags":[],"class_list":["post-71611","post","type-post","status-publish","format-standard","hentry","category-ensino","category-news"],"rise-blocks_total_comments":0,"rise-blocks_categories":[{"term_id":29,"name":"Ensino","slug":"ensino","term_group":0,"term_taxonomy_id":29,"taxonomy":"category","description":"","parent":2,"count":143,"filter":"raw","cat_ID":29,"category_count":143,"category_description":"","cat_name":"Ensino","category_nicename":"ensino","category_parent":2},{"term_id":2,"name":"News","slug":"news","term_group":0,"term_taxonomy_id":2,"taxonomy":"category","description":"","parent":0,"count":365,"filter":"raw","cat_ID":2,"category_count":365,"category_description":"","cat_name":"News","category_nicename":"news","category_parent":0}],"rise-blocks_excerpt":"No dia 11 de mar\u00e7o, visitaram a Funda\u00e7\u00e3o de Estudos do Mar (FEMAR), o Diretor de Aeron\u00e1utica da Marinha, Contra-Almirante Washington Luiz de Paula Santos, e, o Diretor do Instituto de Pesquisas da Marinha, CMG (EN) Carlos Eduardo de Freitas Savioli. Na ocasi\u00e3o, o Presidente da FEMAR, Almirante de Esquadra (RM1) Marcelo Francisco Campos, acompanhado pelo Superintendente T\u00e9cnico, CMG (RM1)..","_links":{"self":[{"href":"https:\/\/fundacaofemar.org.br\/portalwordpress\/wp-json\/wp\/v2\/posts\/71611","targetHints":{"allow":["GET"]}}],"collection":[{"href":"https:\/\/fundacaofemar.org.br\/portalwordpress\/wp-json\/wp\/v2\/posts"}],"about":[{"href":"https:\/\/fundacaofemar.org.br\/portalwordpress\/wp-json\/wp\/v2\/types\/post"}],"author":[{"embeddable":true,"href":"https:\/\/fundacaofemar.org.br\/portalwordpress\/wp-json\/wp\/v2\/users\/9"}],"replies":[{"embeddable":true,"href":"https:\/\/fundacaofemar.org.br\/portalwordpress\/wp-json\/wp\/v2\/comments?post=71611"}],"version-history":[{"count":0,"href":"https:\/\/fundacaofemar.org.br\/portalwordpress\/wp-json\/wp\/v2\/posts\/71611\/revisions"}],"wp:attachment":[{"href":"https:\/\/fundacaofemar.org.br\/portalwordpress\/wp-json\/wp\/v2\/media?parent=71611"}],"wp:term":[{"taxonomy":"category","embeddable":true,"href":"https:\/\/fundacaofemar.org.br\/portalwordpress\/wp-json\/wp\/v2\/categories?post=71611"},{"taxonomy":"post_tag","embeddable":true,"href":"https:\/\/fundacaofemar.org.br\/portalwordpress\/wp-json\/wp\/v2\/tags?post=71611"}],"curies":[{"name":"wp","href":"https:\/\/api.w.org\/{rel}","templated":true}]}}