{"id":71954,"date":"2026-04-28T07:12:38","date_gmt":"2026-04-28T10:12:38","guid":{"rendered":"https:\/\/fundacaofemar.org.br\/portalwordpress\/?p=71954"},"modified":"2026-04-28T07:12:52","modified_gmt":"2026-04-28T10:12:52","slug":"curso-redam-2","status":"publish","type":"post","link":"https:\/\/fundacaofemar.org.br\/portalwordpress\/2026\/04\/28\/curso-redam-2\/","title":{"rendered":"CURSO REDAM"},"content":{"rendered":"<div class=\"post-content\">\n<figure class=\"wp-block-image size-full is-style-default\"><img fetchpriority=\"high\" decoding=\"async\" width=\"1920\" height=\"729\" src=\"https:\/\/fundacaofemar.org.br\/portalwordpress\/wp-content\/uploads\/2026\/04\/ARTE-APROVADA2.png\" alt=\"\" class=\"wp-image-71955\" srcset=\"https:\/\/fundacaofemar.org.br\/portalwordpress\/wp-content\/uploads\/2026\/04\/ARTE-APROVADA2.png 1920w, https:\/\/fundacaofemar.org.br\/portalwordpress\/wp-content\/uploads\/2026\/04\/ARTE-APROVADA2-300x114.png 300w, https:\/\/fundacaofemar.org.br\/portalwordpress\/wp-content\/uploads\/2026\/04\/ARTE-APROVADA2-1024x389.png 1024w, https:\/\/fundacaofemar.org.br\/portalwordpress\/wp-content\/uploads\/2026\/04\/ARTE-APROVADA2-768x292.png 768w, https:\/\/fundacaofemar.org.br\/portalwordpress\/wp-content\/uploads\/2026\/04\/ARTE-APROVADA2-1536x583.png 1536w\" sizes=\"(max-width: 1920px) 100vw, 1920px\" \/><\/figure>\n\n\n\n<h2 class=\"wp-block-heading\"><strong><em>CURSO REDAM<\/em><\/strong><\/h2>\n\n\n\n<p>O Curso Responsabilidade por Danos Ambientais (REDAM) visa proporcionar ao aluno um panorama abrangente e integrado dos conhecimentos gerais, das legisla\u00e7\u00f5es e os entendimentos doutrin\u00e1rios e jurisprudenciais pelas responsabilidades por danos ambientais, pois a legisla\u00e7\u00e3o tornou-se rigorosa, al\u00e9m de bastante ampla e detalhada, podendo causar san\u00e7\u00f5es para as empresas, empregados e empregadores, como multas, pris\u00f5es, embargos e interdi\u00e7\u00f5es.<\/p>\n\n\n\n<p><strong>DIRETRIZES<\/strong><\/p>\n\n\n\n<p><strong>Carga hor\u00e1ria: <\/strong>15 horas<strong><\/strong><\/p>\n\n\n\n<p><strong>Modalidade:<\/strong> On-line, com aulas s\u00edncronas (ao vivo), via plataforma TEAMS<\/p>\n\n\n\n<p><strong>Per\u00edodo de realiza\u00e7\u00e3o<\/strong>: de 09\/06 a 23\/06\/2026<\/p>\n\n\n\n<p><strong>Dias das Aulas<\/strong>: 09, 11, 16, 18 e 23\/06\/2026<\/p>\n\n\n\n<p><strong>Hor\u00e1rio:<\/strong> 18h \u00e0s 21h<\/p>\n\n\n\n<p><strong>CONTE\u00daDOS ABORDADOS<\/strong><\/p>\n\n\n\n<ul class=\"wp-block-list\">\n<li>CONCEITOS E CLASSIFICA\u00c7\u00c3O DO MEIO AMBIENTE<\/li>\n\n\n\n<li>PRINC\u00cdPIOS AMBIENTAIS<\/li>\n\n\n\n<li>REPARA\u00c7\u00c3O DO DANO AMBIENTAL<\/li>\n\n\n\n<li>RESPONSABILIDADES POR DANOS AMBIENTAIS<\/li>\n\n\n\n<li>SURGIMENTO DA PROTE\u00c7\u00c3O DA SA\u00daDE DO TRABALHADOR<\/li>\n\n\n\n<li>RESPONSABILIDADE ADMINISTRATIVA<\/li>\n\n\n\n<li>RESPONSABILIDADE PENAL DO EMPREGADOR POR ACIDENTE DO TRABALHO<\/li>\n\n\n\n<li>RESPONSABILIDADE CIVIL DO EMPREGADOR POR ACIDENTE DO TRABALHO<\/li>\n<\/ul>\n\n\n\n<p><strong>CERTIFICADO<\/strong><\/p>\n\n\n\n<p>Ser\u00e1 concedido o Certificado de Conclus\u00e3o \u00e0queles que cumprirem as diretrizes do curso.<\/p>\n\n\n\n<p><strong>INVESTIMENTO<\/strong><\/p>\n\n\n\n<p>O valor do investimento \u00e9 de <strong>R$ 500,00, <\/strong>podendo ser pago por meio de:<\/p>\n\n\n\n<ul class=\"wp-block-list\">\n<li>PIX<\/li>\n\n\n\n<li>TED<\/li>\n\n\n\n<li>Cart\u00e3o de Cr\u00e9dito<\/li>\n<\/ul>\n\n\n\n<p>O pagamento somente ser\u00e1 realizado ap\u00f3s confirma\u00e7\u00e3o do curso, que ser\u00e1 recebida por &nbsp;e-mail.<\/p>\n\n\n\n<p><strong>INSCRI\u00c7\u00c3O<\/strong><\/p>\n\n\n\n<p><strong>Per\u00edodo de inscri\u00e7\u00e3o:<\/strong> de 28 de abril a 28 de maio de 2026.<\/p>\n\n\n\n<p><em>Para mais informa\u00e7\u00f5es:<\/em><\/p>\n\n\n\n<p>\u260e <em>21 3237-9511 &nbsp;\/ 3237-9518<\/em><\/p>\n\n\n\n<p>\ud83d\udcbb <em><span \n                data-original-string='22HPVHQ\/7SZ78016\/V42ew==9dcv6BAkm+xV4d1FO3M\/YxDE7FMfyhN40z0Nu+wg2qNBLANCuBd\/Kf1DzTXJf+NBhIT'\n                class='apbct-email-encoder'\n                title='This contact has been encoded by Anti-Spam by CleanTalk. Click to decode. To finish the decoding make sure that JavaScript is enabled in your browser.'>se<span class=\"apbct-blur\">**************<\/span>@<span class=\"apbct-blur\">***************<\/span>rg.br<\/span><\/em><\/p>\n\n\n<div class=\"wp-block-image\">\n<figure class=\"aligncenter size-full\"><img decoding=\"async\" width=\"287\" height=\"167\" src=\"https:\/\/fundacaofemar.org.br\/portalwordpress\/wp-content\/uploads\/2024\/04\/gifs-de-seta-para-baixo-5.gif\" alt=\"\" class=\"wp-image-61739\"\/><\/figure><\/div>\n\n\n<h3 class=\"wp-block-heading has-text-align-center\"><a href=\"https:\/\/sige.srv.br\/secretaria\/inscricao_publica.php?sis=LD&amp;vp=50\" target=\"_blank\" rel=\"noreferrer noopener\">Clique Aqui e fa\u00e7a sua inscri\u00e7\u00e3o:<\/a><\/h3>\n\n\n\n<h4 class=\"wp-block-heading has-text-align-center\"><strong><em><mark style=\"background-color:rgba(0, 0, 0, 0)\" class=\"has-inline-color has-vivid-cyan-blue-color\">Garanta sua pr\u00e9-inscri\u00e7\u00e3o e aguarde a confirma\u00e7\u00e3o por e-mail!<\/mark><\/em><\/strong><br><\/h4>\n\n\n\n<figure class=\"wp-block-pullquote\"><blockquote><p><strong><em><mark style=\"background-color:rgba(0, 0, 0, 0)\" class=\"has-inline-color has-black-color\">N\u00e3o deixe de acompanhar nossas novidades nos links abaixo:<\/mark><\/em><\/strong><br><a href=\"http:\/\/linktr.ee\/fundacaofemar\" target=\"_blank\" rel=\"noreferrer noopener\"><strong>http:\/\/linktr.ee\/fundacaofemar<\/strong><\/a><\/p><\/blockquote><\/figure>\n\n\n\n<p><\/p>\n<\/div>","protected":false},"excerpt":{"rendered":"<p>O Curso Responsabilidade por Danos Ambientais (REDAM) visa proporcionar ao aluno um panorama abrangente e integrado dos conhecimentos gerais, das legisla\u00e7\u00f5es e os entendimentos doutrin\u00e1rios e jurisprudenciais pelas responsabilidades por danos ambientais, pois a legisla\u00e7\u00e3o tornou-se rigorosa, al\u00e9m de bastante ampla e detalhada, podendo causar san\u00e7\u00f5es para as empresas, empregados e empregadores, como multas, pris\u00f5es, embargos e interdi\u00e7\u00f5es.<\/p>\n","protected":false},"author":9,"featured_media":0,"comment_status":"closed","ping_status":"closed","sticky":false,"template":"","format":"standard","meta":{"footnotes":""},"categories":[29,2],"tags":[],"class_list":["post-71954","post","type-post","status-publish","format-standard","hentry","category-ensino","category-news"],"rise-blocks_total_comments":0,"rise-blocks_categories":[{"term_id":29,"name":"Ensino","slug":"ensino","term_group":0,"term_taxonomy_id":29,"taxonomy":"category","description":"","parent":2,"count":143,"filter":"raw","cat_ID":29,"category_count":143,"category_description":"","cat_name":"Ensino","category_nicename":"ensino","category_parent":2},{"term_id":2,"name":"News","slug":"news","term_group":0,"term_taxonomy_id":2,"taxonomy":"category","description":"","parent":0,"count":364,"filter":"raw","cat_ID":2,"category_count":364,"category_description":"","cat_name":"News","category_nicename":"news","category_parent":0}],"rise-blocks_excerpt":"O Curso Responsabilidade por Danos Ambientais (REDAM) visa proporcionar ao aluno um panorama abrangente e integrado dos conhecimentos gerais, das legisla\u00e7\u00f5es e os entendimentos doutrin\u00e1rios e jurisprudenciais pelas responsabilidades por danos ambientais, pois a legisla\u00e7\u00e3o tornou-se rigorosa, al\u00e9m de bastante ampla e detalhada, podendo causar san\u00e7\u00f5es para as empresas, empregados e empregadores, como multas, pris\u00f5es, embargos e interdi\u00e7\u00f5es.","_links":{"self":[{"href":"https:\/\/fundacaofemar.org.br\/portalwordpress\/wp-json\/wp\/v2\/posts\/71954","targetHints":{"allow":["GET"]}}],"collection":[{"href":"https:\/\/fundacaofemar.org.br\/portalwordpress\/wp-json\/wp\/v2\/posts"}],"about":[{"href":"https:\/\/fundacaofemar.org.br\/portalwordpress\/wp-json\/wp\/v2\/types\/post"}],"author":[{"embeddable":true,"href":"https:\/\/fundacaofemar.org.br\/portalwordpress\/wp-json\/wp\/v2\/users\/9"}],"replies":[{"embeddable":true,"href":"https:\/\/fundacaofemar.org.br\/portalwordpress\/wp-json\/wp\/v2\/comments?post=71954"}],"version-history":[{"count":1,"href":"https:\/\/fundacaofemar.org.br\/portalwordpress\/wp-json\/wp\/v2\/posts\/71954\/revisions"}],"predecessor-version":[{"id":71956,"href":"https:\/\/fundacaofemar.org.br\/portalwordpress\/wp-json\/wp\/v2\/posts\/71954\/revisions\/71956"}],"wp:attachment":[{"href":"https:\/\/fundacaofemar.org.br\/portalwordpress\/wp-json\/wp\/v2\/media?parent=71954"}],"wp:term":[{"taxonomy":"category","embeddable":true,"href":"https:\/\/fundacaofemar.org.br\/portalwordpress\/wp-json\/wp\/v2\/categories?post=71954"},{"taxonomy":"post_tag","embeddable":true,"href":"https:\/\/fundacaofemar.org.br\/portalwordpress\/wp-json\/wp\/v2\/tags?post=71954"}],"curies":[{"name":"wp","href":"https:\/\/api.w.org\/{rel}","templated":true}]}}