{"id":71961,"date":"2026-04-28T10:47:30","date_gmt":"2026-04-28T13:47:30","guid":{"rendered":"https:\/\/fundacaofemar.org.br\/portalwordpress\/?p=71961"},"modified":"2026-04-28T10:47:44","modified_gmt":"2026-04-28T13:47:44","slug":"a-educacao-e-um-mar-aberto-quanto-mais-se-navega-mais-se-descobre","status":"publish","type":"post","link":"https:\/\/fundacaofemar.org.br\/portalwordpress\/2026\/04\/28\/a-educacao-e-um-mar-aberto-quanto-mais-se-navega-mais-se-descobre\/","title":{"rendered":"A EDUCA\u00c7\u00c3O \u00c9 UM MAR ABERTO: QUANTO MAIS SE NAVEGA, MAIS SE DESCOBRE!"},"content":{"rendered":"<div class=\"post-content\">\n<p>A Funda\u00e7\u00e3o de Estudos do Mar (FEMAR) tem como um dos seus principais pilares compartilhar conhecimento atrav\u00e9s da educa\u00e7\u00e3o mar\u00edtima em busca do desenvolvimento de uma Sociedade mais justa e harmoniosa.<\/p>\n\n\n<div class=\"wp-block-image\">\n<figure class=\"aligncenter size-large is-resized\"><img fetchpriority=\"high\" decoding=\"async\" width=\"819\" height=\"1024\" src=\"https:\/\/fundacaofemar.org.br\/portalwordpress\/wp-content\/uploads\/2026\/04\/wip2-819x1024.png\" alt=\"\" class=\"wp-image-71962\" style=\"width:706px;height:auto\" srcset=\"https:\/\/fundacaofemar.org.br\/portalwordpress\/wp-content\/uploads\/2026\/04\/wip2-819x1024.png 819w, https:\/\/fundacaofemar.org.br\/portalwordpress\/wp-content\/uploads\/2026\/04\/wip2-240x300.png 240w, https:\/\/fundacaofemar.org.br\/portalwordpress\/wp-content\/uploads\/2026\/04\/wip2-768x960.png 768w, https:\/\/fundacaofemar.org.br\/portalwordpress\/wp-content\/uploads\/2026\/04\/wip2.png 1080w\" sizes=\"(max-width: 819px) 100vw, 819px\" \/><\/figure><\/div>\n\n\n<p class=\"has-text-align-center\"><strong><mark style=\"background-color:rgba(0, 0, 0, 0)\" class=\"has-inline-color has-vivid-cyan-blue-color\"><strong><strong>Funda\u00e7\u00e3o Pioneira da Maritimidade no Brasil<\/strong><\/strong><\/mark><\/strong><\/p>\n\n\n\n<figure class=\"wp-block-pullquote\"><blockquote><p><strong><em><mark style=\"background-color:rgba(0, 0, 0, 0)\" class=\"has-inline-color has-black-color\">N\u00e3o deixe de acompanhar nossas novidades nos links abaixo:<\/mark><\/em><\/strong><br><a href=\"http:\/\/linktr.ee\/fundacaofemar\" target=\"_blank\" rel=\"noreferrer noopener\"><strong>http:\/\/linktr.ee\/fundacaofemar<\/strong><\/a><\/p><\/blockquote><\/figure>\n\n\n\n<p><\/p>\n<\/div>","protected":false},"excerpt":{"rendered":"<p>A Funda\u00e7\u00e3o de Estudos do Mar (FEMAR) tem como um dos seus principais pilares compartilhar<a href=\"https:\/\/fundacaofemar.org.br\/portalwordpress\/2026\/04\/28\/a-educacao-e-um-mar-aberto-quanto-mais-se-navega-mais-se-descobre\/\" class=\"bizfit-read-more\">Leia Mais<i class=\"fa fa-long-arrow-right\" aria-hidden=\"true\"><\/i><\/a><\/p>\n","protected":false},"author":9,"featured_media":0,"comment_status":"closed","ping_status":"closed","sticky":false,"template":"","format":"standard","meta":{"footnotes":""},"categories":[2],"tags":[],"class_list":["post-71961","post","type-post","status-publish","format-standard","hentry","category-news"],"rise-blocks_total_comments":0,"rise-blocks_categories":[{"term_id":2,"name":"News","slug":"news","term_group":0,"term_taxonomy_id":2,"taxonomy":"category","description":"","parent":0,"count":365,"filter":"raw","cat_ID":2,"category_count":365,"category_description":"","cat_name":"News","category_nicename":"news","category_parent":0}],"rise-blocks_excerpt":"A Funda\u00e7\u00e3o de Estudos do Mar (FEMAR) tem como um dos seus principais pilares compartilhar conhecimento atrav\u00e9s da educa\u00e7\u00e3o mar\u00edtima em busca do desenvolvimento de uma Sociedade mais justa e harmoniosa. Funda\u00e7\u00e3o Pioneira da Maritimidade no Brasil N\u00e3o deixe de acompanhar nossas novidades nos links abaixo:http:\/\/linktr.ee\/fundacaofemar","_links":{"self":[{"href":"https:\/\/fundacaofemar.org.br\/portalwordpress\/wp-json\/wp\/v2\/posts\/71961","targetHints":{"allow":["GET"]}}],"collection":[{"href":"https:\/\/fundacaofemar.org.br\/portalwordpress\/wp-json\/wp\/v2\/posts"}],"about":[{"href":"https:\/\/fundacaofemar.org.br\/portalwordpress\/wp-json\/wp\/v2\/types\/post"}],"author":[{"embeddable":true,"href":"https:\/\/fundacaofemar.org.br\/portalwordpress\/wp-json\/wp\/v2\/users\/9"}],"replies":[{"embeddable":true,"href":"https:\/\/fundacaofemar.org.br\/portalwordpress\/wp-json\/wp\/v2\/comments?post=71961"}],"version-history":[{"count":1,"href":"https:\/\/fundacaofemar.org.br\/portalwordpress\/wp-json\/wp\/v2\/posts\/71961\/revisions"}],"predecessor-version":[{"id":71963,"href":"https:\/\/fundacaofemar.org.br\/portalwordpress\/wp-json\/wp\/v2\/posts\/71961\/revisions\/71963"}],"wp:attachment":[{"href":"https:\/\/fundacaofemar.org.br\/portalwordpress\/wp-json\/wp\/v2\/media?parent=71961"}],"wp:term":[{"taxonomy":"category","embeddable":true,"href":"https:\/\/fundacaofemar.org.br\/portalwordpress\/wp-json\/wp\/v2\/categories?post=71961"},{"taxonomy":"post_tag","embeddable":true,"href":"https:\/\/fundacaofemar.org.br\/portalwordpress\/wp-json\/wp\/v2\/tags?post=71961"}],"curies":[{"name":"wp","href":"https:\/\/api.w.org\/{rel}","templated":true}]}}