{"id":73127,"date":"2026-08-31T06:48:36","date_gmt":"2026-08-31T09:48:36","guid":{"rendered":"https:\/\/fundacaofemar.org.br\/portalwordpress\/?p=73127"},"modified":"2026-08-31T06:48:50","modified_gmt":"2026-08-31T09:48:50","slug":"curso-negin","status":"publish","type":"post","link":"https:\/\/fundacaofemar.org.br\/portalwordpress\/2026\/08\/31\/curso-negin\/","title":{"rendered":"CURSO NEGIN"},"content":{"rendered":"<div class=\"post-content\">\n<figure class=\"wp-block-image size-full is-style-default\"><img fetchpriority=\"high\" decoding=\"async\" width=\"1920\" height=\"729\" src=\"https:\/\/fundacaofemar.org.br\/portalwordpress\/wp-content\/uploads\/2026\/08\/ARTE-APROVADA6.png\" alt=\"\" class=\"wp-image-73128\" srcset=\"https:\/\/fundacaofemar.org.br\/portalwordpress\/wp-content\/uploads\/2026\/08\/ARTE-APROVADA6.png 1920w, https:\/\/fundacaofemar.org.br\/portalwordpress\/wp-content\/uploads\/2026\/08\/ARTE-APROVADA6-300x114.png 300w, https:\/\/fundacaofemar.org.br\/portalwordpress\/wp-content\/uploads\/2026\/08\/ARTE-APROVADA6-1024x389.png 1024w, https:\/\/fundacaofemar.org.br\/portalwordpress\/wp-content\/uploads\/2026\/08\/ARTE-APROVADA6-768x292.png 768w, https:\/\/fundacaofemar.org.br\/portalwordpress\/wp-content\/uploads\/2026\/08\/ARTE-APROVADA6-1536x583.png 1536w\" sizes=\"(max-width: 1920px) 100vw, 1920px\" \/><\/figure>\n\n\n\n<p><br><br><br>O Curso Negocia\u00e7\u00f5es Internacionais (NEGIN) visa proporcionar ao aluno os conhecimentos b\u00e1sicos sobre as tratativas de negocia\u00e7\u00e3o com outros pa\u00edses, com foco no com\u00e9rcio de bens e servi\u00e7os internacionais, usando habilidades estrat\u00e9gicas de negocia\u00e7\u00e3o que integram o conhecimento anal\u00edtico, interpessoal, organizacional afim de garantir a satisfa\u00e7\u00e3o de ambas as partes.<\/p>\n\n\n\n<p><strong>DIRETRIZES<\/strong><\/p>\n\n\n\n<p><strong>Carga hor\u00e1ria: <\/strong>&nbsp;15 horas<strong><\/strong><\/p>\n\n\n\n<p><strong>Modalidade:<\/strong> On-line, com aulas s\u00edncronas (ao vivo), via plataforma TEAMS<\/p>\n\n\n\n<p><strong>Per\u00edodo de realiza\u00e7\u00e3o<\/strong>: de 06\/10 a 22\/10\/2026<\/p>\n\n\n\n<p><strong>Dias das Aulas<\/strong>: 06, 08, 13, 20 e 22\/10\/26<\/p>\n\n\n\n<p><strong>Hor\u00e1rio:<\/strong> 18h \u00e0s 21h<\/p>\n\n\n\n<p><strong>CONTE\u00daDOS ABORDADOS<\/strong><\/p>\n\n\n\n<ul class=\"wp-block-list\">\n<li><strong>\u00a0\u00a0AMBIENTE DE NEGOCIA\u00c7\u00c3O INTERNACIONAL<\/strong><\/li>\n\n\n\n<li><strong>\u00a0\u00a0MARKETING INTERNACIONAL<\/strong><\/li>\n\n\n\n<li><strong>\u00a0\u00a0GLOBALIZA\u00c7\u00c3O<\/strong><\/li>\n\n\n\n<li><strong>\u00a0\u00a0ACORDOS INTERNACIONAIS<\/strong><\/li>\n\n\n\n<li><strong>\u00a0\u00a0IMPORT\u00c2NCIA DO COM\u00c9RCIO INTERNACIONAL\u00a0\u00a0\u00a0\u00a0\u00a0\u00a0\u00a0\u00a0<\/strong><\/li>\n\n\n\n<li><strong>\u00a0\u00a0ORGANIZA\u00c7\u00c3O MUNDIAL DE COM\u00c9RCIO \u2013 OMC<\/strong><\/li>\n\n\n\n<li><strong>\u00a0\u00a0CRISES FINANCEIRAS INTERNACIONAIS<\/strong><\/li>\n\n\n\n<li><strong>\u00a0\u00a0INTERNACIONALIZA\u00c7\u00c3O<\/strong><\/li>\n<\/ul>\n\n\n\n<p><strong>CERTIFICADO<\/strong><\/p>\n\n\n\n<p>Ser\u00e1 concedido o Certificado de Conclus\u00e3o \u00e0queles que cumprirem as diretrizes do curso.<\/p>\n\n\n\n<p><strong>INVESTIMENTO<\/strong><\/p>\n\n\n\n<p>O valor do investimento \u00e9 de <strong>R$ 500,00, <\/strong>podendo ser pago por meio de:<\/p>\n\n\n\n<ul class=\"wp-block-list\">\n<li>PIX<\/li>\n\n\n\n<li>TED<\/li>\n\n\n\n<li>Cart\u00e3o de Cr\u00e9dito<\/li>\n<\/ul>\n\n\n\n<p>O pagamento somente ser\u00e1 realizado ap\u00f3s confirma\u00e7\u00e3o do curso, que ser\u00e1 recebida por e-mail.<\/p>\n\n\n\n<p><strong>INSCRI\u00c7\u00c3O<\/strong><\/p>\n\n\n\n<p><strong>Per\u00edodo de inscri\u00e7\u00e3o:<\/strong> de 01 a 30 de setembro de 2026.<\/p>\n\n\n\n<p><em>Para mais informa\u00e7\u00f5es:<\/em><\/p>\n\n\n\n<p>\u260e <em>21 3237-9511 &nbsp;\/ 3237-9518<\/em><\/p>\n\n\n\n<p>\ud83d\udcbb <em><span \n                data-original-string='KMvzgpjLbh0HrAkcq3GjNw==9dcTGO118jHbfWR\/A4GzcEYqhdfGO9eK1F8jocRjgU+n4Lic360buiu9l84zSV34R+3'\n                class='apbct-email-encoder'\n                title='This contact has been encoded by Anti-Spam by CleanTalk. Click to decode. To finish the decoding make sure that JavaScript is enabled in your browser.'>se<span class=\"apbct-blur\">**************<\/span>@<span class=\"apbct-blur\">***************<\/span>rg.br<\/span><\/em><\/p>\n\n\n\n<h3 class=\"wp-block-heading has-text-align-center\"><a href=\"https:\/\/sige.srv.br\/secretaria\/inscricao_publica.php?sis=LD&amp;vp=57\" target=\"_blank\" rel=\"noreferrer noopener\">Clique Aqui<\/a><\/h3>\n\n\n\n<h4 class=\"wp-block-heading has-text-align-center\"><strong><em><mark style=\"background-color:rgba(0, 0, 0, 0)\" class=\"has-inline-color has-vivid-cyan-blue-color\">Garanta sua pr\u00e9-inscri\u00e7\u00e3o e aguarde a confirma\u00e7\u00e3o por e-mail!<\/mark><\/em><\/strong><br><\/h4>\n\n\n\n<figure class=\"wp-block-pullquote has-text-align-left\"><blockquote><p><strong><em><mark style=\"background-color:rgba(0, 0, 0, 0)\" class=\"has-inline-color has-black-color\">N\u00e3o deixe de acompanhar nossas novidades nos links abaixo:<\/mark><\/em><\/strong><br><a href=\"http:\/\/linktr.ee\/fundacaofemar\" target=\"_blank\" rel=\"noreferrer noopener\"><strong>http:\/\/linktr.ee\/fundacaofemar<\/strong><\/a><\/p><\/blockquote><\/figure>\n\n\n\n<p><\/p>\n<\/div>","protected":false},"excerpt":{"rendered":"<p>O Curso Negocia\u00e7\u00f5es Internacionais (NEGIN) visa proporcionar ao aluno os conhecimentos b\u00e1sicos sobre as tratativas<a href=\"https:\/\/fundacaofemar.org.br\/portalwordpress\/2026\/08\/31\/curso-negin\/\" class=\"bizfit-read-more\">Leia Mais<i class=\"fa fa-long-arrow-right\" aria-hidden=\"true\"><\/i><\/a><\/p>\n","protected":false},"author":9,"featured_media":0,"comment_status":"closed","ping_status":"closed","sticky":false,"template":"","format":"standard","meta":{"footnotes":""},"categories":[29,2],"tags":[],"class_list":["post-73127","post","type-post","status-publish","format-standard","hentry","category-ensino","category-news"],"rise-blocks_total_comments":0,"rise-blocks_categories":[{"term_id":29,"name":"Ensino","slug":"ensino","term_group":0,"term_taxonomy_id":29,"taxonomy":"category","description":"","parent":2,"count":150,"filter":"raw","cat_ID":29,"category_count":150,"category_description":"","cat_name":"Ensino","category_nicename":"ensino","category_parent":2},{"term_id":2,"name":"News","slug":"news","term_group":0,"term_taxonomy_id":2,"taxonomy":"category","description":"","parent":0,"count":380,"filter":"raw","cat_ID":2,"category_count":380,"category_description":"","cat_name":"News","category_nicename":"news","category_parent":0}],"rise-blocks_excerpt":"O Curso Negocia\u00e7\u00f5es Internacionais (NEGIN) visa proporcionar ao aluno os conhecimentos b\u00e1sicos sobre as tratativas de negocia\u00e7\u00e3o com outros pa\u00edses, com foco no com\u00e9rcio de bens e servi\u00e7os internacionais, usando habilidades estrat\u00e9gicas de negocia\u00e7\u00e3o que integram o conhecimento anal\u00edtico, interpessoal, organizacional afim de garantir a satisfa\u00e7\u00e3o de ambas as partes. DIRETRIZES Carga hor\u00e1ria: &nbsp;15 horas Modalidade: On-line, com aulas s\u00edncronas..","_links":{"self":[{"href":"https:\/\/fundacaofemar.org.br\/portalwordpress\/wp-json\/wp\/v2\/posts\/73127","targetHints":{"allow":["GET"]}}],"collection":[{"href":"https:\/\/fundacaofemar.org.br\/portalwordpress\/wp-json\/wp\/v2\/posts"}],"about":[{"href":"https:\/\/fundacaofemar.org.br\/portalwordpress\/wp-json\/wp\/v2\/types\/post"}],"author":[{"embeddable":true,"href":"https:\/\/fundacaofemar.org.br\/portalwordpress\/wp-json\/wp\/v2\/users\/9"}],"replies":[{"embeddable":true,"href":"https:\/\/fundacaofemar.org.br\/portalwordpress\/wp-json\/wp\/v2\/comments?post=73127"}],"version-history":[{"count":1,"href":"https:\/\/fundacaofemar.org.br\/portalwordpress\/wp-json\/wp\/v2\/posts\/73127\/revisions"}],"predecessor-version":[{"id":73129,"href":"https:\/\/fundacaofemar.org.br\/portalwordpress\/wp-json\/wp\/v2\/posts\/73127\/revisions\/73129"}],"wp:attachment":[{"href":"https:\/\/fundacaofemar.org.br\/portalwordpress\/wp-json\/wp\/v2\/media?parent=73127"}],"wp:term":[{"taxonomy":"category","embeddable":true,"href":"https:\/\/fundacaofemar.org.br\/portalwordpress\/wp-json\/wp\/v2\/categories?post=73127"},{"taxonomy":"post_tag","embeddable":true,"href":"https:\/\/fundacaofemar.org.br\/portalwordpress\/wp-json\/wp\/v2\/tags?post=73127"}],"curies":[{"name":"wp","href":"https:\/\/api.w.org\/{rel}","templated":true}]}}