{"id":8338,"date":"2021-10-14T16:10:03","date_gmt":"2021-10-14T19:10:03","guid":{"rendered":"https:\/\/fundacaofemar.org.br\/portalwordpress\/?p=8338"},"modified":"2025-11-26T12:20:33","modified_gmt":"2025-11-26T15:20:33","slug":"cerimonia-do-encerramento-do-curso-apnt-2021","status":"publish","type":"post","link":"https:\/\/fundacaofemar.org.br\/portalwordpress\/2021\/10\/14\/cerimonia-do-encerramento-do-curso-apnt-2021\/","title":{"rendered":"CERIM\u00d4NIA DO ENCERRAMENTO DO CURSO APNT 2021"},"content":{"rendered":"<div class=\"post-content\">\n<div class=\"wp-block-group\"><div class=\"wp-block-group__inner-container is-layout-flow wp-block-group-is-layout-flow\">\n<p><strong>Publicado em 14 de Outubro de 2021<\/strong><\/p>\n\n\n\n<p>A Funda\u00e7\u00e3o de Estudos do Mar (FEMAR) realizou, no dia 01 de outubro, a Cerim\u00f4nia de Encerramento do Curso de Aperfei\u00e7oamento para Oficial de N\u00e1utica \u2013 APNT 2021. O evento, que ocorreu nesta Funda\u00e7\u00e3o com os formandos, seguindo os protocolos de seguran\u00e7a contra a Covid-19, contou com a presen\u00e7a do Vice-Presidente da FEMAR, Vice-Almirante (IM-RM1) Jayme Teixeira Pinto Filho, do Comandante do Centro de Instru\u00e7\u00e3o Almirante Gra\u00e7a Aranha (CIAGA), Contra-Almirante Paulo Vecchi Ruiz Cardoso da Silva, do representante do Ensino Profissional Mar\u00edtimo da Diretoria de Portos e Costas (DPC), Capit\u00e3o de Fragata Anderson Alves Pereira Lopes, e, do Capit\u00e3o de Longo Curso, Raildo Viana do Nascimento Junior, da Transpetro.<\/p>\n\n\n\n<div class=\"wp-block-image post-image\"><figure class=\"aligncenter size-large is-resized\"><img fetchpriority=\"high\" decoding=\"async\" src=\"https:\/\/fundacaofemar.org.br\/portalwordpress\/wp-content\/uploads\/2021\/10\/20211001_100905-1024x637.jpg\" alt=\"\" class=\"wp-image-8339\" width=\"899\" height=\"557\"\/><figcaption><strong><em> Abertura da formatura, o Vice-Presidente da FEMAR ressaltou a certeza da import\u00e2ncia da data <\/em><\/strong><\/figcaption><\/figure><\/div>\n\n\n\n<p>Na abertura da formatura, o Vice-Presidente da FEMAR ressaltou a certeza da import\u00e2ncia da data: \u201c\u00c9 uma singela, por\u00e9m significativa Cerim\u00f4nia. Motivo de j\u00fabilo para todos aqueles que contribu\u00edram para a realiza\u00e7\u00e3o desse curso. Houve realmente um esfor\u00e7o muito grande. Hoje \u00e9 um dia muito especial para a Funda\u00e7\u00e3o\u201d.<\/p>\n\n\n\n<div class=\"wp-block-image post-image\"><figure class=\"aligncenter size-large is-resized\"><img decoding=\"async\" src=\"https:\/\/fundacaofemar.org.br\/portalwordpress\/wp-content\/uploads\/2021\/10\/20211001_101414-1024x494.jpg\" alt=\"\" class=\"wp-image-8340\" width=\"-754\" height=\"-365\" srcset=\"https:\/\/fundacaofemar.org.br\/portalwordpress\/wp-content\/uploads\/2021\/10\/20211001_101414-1024x494.jpg 1024w, https:\/\/fundacaofemar.org.br\/portalwordpress\/wp-content\/uploads\/2021\/10\/20211001_101414-300x145.jpg 300w, https:\/\/fundacaofemar.org.br\/portalwordpress\/wp-content\/uploads\/2021\/10\/20211001_101414-768x371.jpg 768w, https:\/\/fundacaofemar.org.br\/portalwordpress\/wp-content\/uploads\/2021\/10\/20211001_101414-1536x741.jpg 1536w, https:\/\/fundacaofemar.org.br\/portalwordpress\/wp-content\/uploads\/2021\/10\/20211001_101414-2048x988.jpg 2048w\" sizes=\"(max-width: 1024px) 100vw, 1024px\" \/><figcaption><strong><em> O orador da turma, o 1\u00ba Oficial de N\u00e1utica, Jean Gabriel Passos de Ara\u00fajo, discursou feliz e emocionado aos Futuros Comandantes de Navios <\/em><\/strong><\/figcaption><\/figure><\/div>\n\n\n\n<p>O orador da turma, o 1\u00ba Oficial de N\u00e1utica, Jean Gabriel Passos de Ara\u00fajo, discursou feliz e emocionado aos Futuros Comandantes de Navios: \u201cChegamos ao t\u00e3o chegado dia da formatura. Quem de n\u00f3s n\u00e3o sonhou com esse dia desde que nos foi apresentado a carreira de Oficial de N\u00e1utica? At\u00e9 aqui a caminhada foi longa. Muito estudo. Dias de mar. Inspe\u00e7\u00f5es. E muito apoio. Por isso, temos que agradecer primeiramente a Deus, aos nossos pais, que merecem cr\u00e9ditos pelas nossas conquistas. Pela paci\u00eancia, persist\u00eancia, cuidado e amor. Nossas esposas, filhos, namorados e namoradas, o nosso muito obrigado por todo apoio e compreens\u00e3o\u201d.<\/p>\n\n\n\n<div class=\"wp-block-image post-image\"><figure class=\"aligncenter size-large is-resized\"><img decoding=\"async\" src=\"https:\/\/fundacaofemar.org.br\/portalwordpress\/wp-content\/uploads\/2021\/10\/20211001_102336-1024x849.jpg\" alt=\"\" class=\"wp-image-8343\" width=\"-720\" height=\"-596\" srcset=\"https:\/\/fundacaofemar.org.br\/portalwordpress\/wp-content\/uploads\/2021\/10\/20211001_102336-1024x849.jpg 1024w, https:\/\/fundacaofemar.org.br\/portalwordpress\/wp-content\/uploads\/2021\/10\/20211001_102336-300x249.jpg 300w, https:\/\/fundacaofemar.org.br\/portalwordpress\/wp-content\/uploads\/2021\/10\/20211001_102336-768x637.jpg 768w, https:\/\/fundacaofemar.org.br\/portalwordpress\/wp-content\/uploads\/2021\/10\/20211001_102336-1536x1274.jpg 1536w, https:\/\/fundacaofemar.org.br\/portalwordpress\/wp-content\/uploads\/2021\/10\/20211001_102336-2048x1699.jpg 2048w\" sizes=\"(max-width: 1024px) 100vw, 1024px\" \/><figcaption><strong><em>  Professora Maud Andr\u00e9e Chaize Vianna de Castro <\/em><\/strong><\/figcaption><\/figure><\/div>\n\n\n\n<p>Dando continuidade \u00e0 Cerim\u00f4nia, a Professora Maud Andr\u00e9e Chaize Vianna de Castro, em seu discurso, disse que se sentiu muito honrada em ter sido escolhida como Professora Paraninfa dessa turma: \u201cMulheres e Homens do Mar! Meu cora\u00e7\u00e3o feliz agradece por esse momento \u00fanico. Mais uma turma que, desde o in\u00edcio, demostrou real interesse pelos assuntos trazidos em sala de aula em termos de Legisla\u00e7\u00e3o, mat\u00e9ria uma tanto \u00e1rdua, mas de suma import\u00e2ncia. Que possam navegar sempre por mares tranquilos, cientes de suas responsabilidades\u201d.<\/p>\n\n\n\n<div class=\"wp-block-image post-image\"><figure class=\"aligncenter size-large is-resized\"><img decoding=\"async\" src=\"https:\/\/fundacaofemar.org.br\/portalwordpress\/wp-content\/uploads\/2021\/10\/20211001_103232-1024x635.jpg\" alt=\"\" class=\"wp-image-8344\" width=\"959\" height=\"596\" srcset=\"https:\/\/fundacaofemar.org.br\/portalwordpress\/wp-content\/uploads\/2021\/10\/20211001_103232-1024x635.jpg 1024w, https:\/\/fundacaofemar.org.br\/portalwordpress\/wp-content\/uploads\/2021\/10\/20211001_103232-300x186.jpg 300w, https:\/\/fundacaofemar.org.br\/portalwordpress\/wp-content\/uploads\/2021\/10\/20211001_103232-768x476.jpg 768w, https:\/\/fundacaofemar.org.br\/portalwordpress\/wp-content\/uploads\/2021\/10\/20211001_103232-1536x953.jpg 1536w, https:\/\/fundacaofemar.org.br\/portalwordpress\/wp-content\/uploads\/2021\/10\/20211001_103232-2048x1270.jpg 2048w\" sizes=\"(max-width: 959px) 100vw, 959px\" \/><figcaption> <em><strong>O 1\u00ba Oficial de N\u00e1utica, Joel Martins Myra de Moraes<\/strong> e  <strong>o Vice-Presidente da FEMAR<\/strong> <\/em><\/figcaption><\/figure><\/div>\n\n\n\n<p>O 1\u00ba Oficial de N\u00e1utica, Joel Martins Myra de Moraes, recebeu das m\u00e3os do Vice-Presidente da FEMAR, a placa de homenagem como o primeiro colocado na Classifica\u00e7\u00e3o Geral do Curso de Aperfei\u00e7oamento para Oficiais de N\u00e1utica.<\/p>\n\n\n\n<div class=\"wp-block-image post-image\"><figure class=\"aligncenter size-large is-resized\"><img decoding=\"async\" src=\"https:\/\/fundacaofemar.org.br\/portalwordpress\/wp-content\/uploads\/2021\/10\/APNT-30-1024x588.jpg\" alt=\"\" class=\"wp-image-8345\" width=\"933\" height=\"536\" srcset=\"https:\/\/fundacaofemar.org.br\/portalwordpress\/wp-content\/uploads\/2021\/10\/APNT-30-1024x588.jpg 1024w, https:\/\/fundacaofemar.org.br\/portalwordpress\/wp-content\/uploads\/2021\/10\/APNT-30-300x172.jpg 300w, https:\/\/fundacaofemar.org.br\/portalwordpress\/wp-content\/uploads\/2021\/10\/APNT-30-768x441.jpg 768w, https:\/\/fundacaofemar.org.br\/portalwordpress\/wp-content\/uploads\/2021\/10\/APNT-30.jpg 1380w\" sizes=\"(max-width: 933px) 100vw, 933px\" \/><figcaption><em><strong>Familiares e amigos que assistiam virtualmente a Cerim\u00f4nia, tornaram o momento ainda mais emocionante.<\/strong><\/em><\/figcaption><\/figure><\/div>\n\n\n\n<div class=\"wp-block-image post-image\"><figure class=\"aligncenter size-large is-resized\"><img loading=\"lazy\" decoding=\"async\" src=\"https:\/\/fundacaofemar.org.br\/portalwordpress\/wp-content\/uploads\/2021\/10\/20211001_104042-1024x654.jpg\" alt=\"\" class=\"wp-image-8346\" width=\"924\" height=\"590\" srcset=\"https:\/\/fundacaofemar.org.br\/portalwordpress\/wp-content\/uploads\/2021\/10\/20211001_104042-1024x654.jpg 1024w, https:\/\/fundacaofemar.org.br\/portalwordpress\/wp-content\/uploads\/2021\/10\/20211001_104042-300x192.jpg 300w, https:\/\/fundacaofemar.org.br\/portalwordpress\/wp-content\/uploads\/2021\/10\/20211001_104042-768x491.jpg 768w, https:\/\/fundacaofemar.org.br\/portalwordpress\/wp-content\/uploads\/2021\/10\/20211001_104042-1536x981.jpg 1536w, https:\/\/fundacaofemar.org.br\/portalwordpress\/wp-content\/uploads\/2021\/10\/20211001_104042-2048x1308.jpg 2048w\" sizes=\"(max-width: 924px) 100vw, 924px\" \/><figcaption><strong><em> O Vice-Almirante (IM-RM1) Jayme, o Comandante Ruiz, Capit\u00e3o de Longo Curso, Raildo, e, o 1\u00ba Oficial de N\u00e1utica Pedro Fernandes Ferreira da Silva  <\/em><\/strong><\/figcaption><\/figure><\/div>\n\n\n\n<p class=\"has-text-align-left\">O Vice-Almirante (IM-RM1) Jayme, o Comandante Ruiz, Capit\u00e3o de Longo Curso, Raildo, e, o 1\u00ba Oficial de N\u00e1utica Pedro Fernandes Ferreira da Silva se dirigiram \u00e0 Galeria de Quadros, onde foi descerrada a placa da turma ap\u00f3s o encerramento da Cerim\u00f4niaamiliares e amigos que assistiam virtualmente a Cerim\u00f4nia, tornaram o momento ainda mais emocionante<\/p>\n\n\n\n<div class=\"wp-block-image post-image\"><figure class=\"aligncenter size-large\"><img loading=\"lazy\" decoding=\"async\" width=\"1024\" height=\"974\" src=\"https:\/\/fundacaofemar.org.br\/portalwordpress\/wp-content\/uploads\/2021\/10\/20211001_104344-1024x974.jpg\" alt=\"\" class=\"wp-image-8347\" srcset=\"https:\/\/fundacaofemar.org.br\/portalwordpress\/wp-content\/uploads\/2021\/10\/20211001_104344-1024x974.jpg 1024w, https:\/\/fundacaofemar.org.br\/portalwordpress\/wp-content\/uploads\/2021\/10\/20211001_104344-300x285.jpg 300w, https:\/\/fundacaofemar.org.br\/portalwordpress\/wp-content\/uploads\/2021\/10\/20211001_104344-768x731.jpg 768w, https:\/\/fundacaofemar.org.br\/portalwordpress\/wp-content\/uploads\/2021\/10\/20211001_104344-1536x1461.jpg 1536w, https:\/\/fundacaofemar.org.br\/portalwordpress\/wp-content\/uploads\/2021\/10\/20211001_104344-2048x1948.jpg 2048w\" sizes=\"(max-width: 1024px) 100vw, 1024px\" \/><figcaption><strong><em> Formandos reunidos no P\u00e1tio Almirante Saldanha da Gama <\/em><\/strong><\/figcaption><\/figure><\/div>\n<\/div><\/div>\n\n\n\n<p><\/p>\n<\/div>","protected":false},"excerpt":{"rendered":"<p>A Funda\u00e7\u00e3o de Estudos do Mar (FEMAR) realizou, no dia 01 de outubro, a Cerim\u00f4nia de Encerramento do Curso de Aperfei\u00e7oamento para Oficial de N\u00e1utica \u2013 APNT 2021. <\/p>\n","protected":false},"author":9,"featured_media":0,"comment_status":"closed","ping_status":"closed","sticky":false,"template":"","format":"standard","meta":{"footnotes":""},"categories":[29,18,2],"tags":[],"class_list":["post-8338","post","type-post","status-publish","format-standard","hentry","category-ensino","category-eventos","category-news"],"rise-blocks_total_comments":0,"rise-blocks_categories":[{"term_id":29,"name":"Ensino","slug":"ensino","term_group":0,"term_taxonomy_id":29,"taxonomy":"category","description":"","parent":2,"count":143,"filter":"raw","cat_ID":29,"category_count":143,"category_description":"","cat_name":"Ensino","category_nicename":"ensino","category_parent":2},{"term_id":18,"name":"Eventos","slug":"eventos","term_group":0,"term_taxonomy_id":18,"taxonomy":"category","description":"","parent":2,"count":239,"filter":"raw","cat_ID":18,"category_count":239,"category_description":"","cat_name":"Eventos","category_nicename":"eventos","category_parent":2},{"term_id":2,"name":"News","slug":"news","term_group":0,"term_taxonomy_id":2,"taxonomy":"category","description":"","parent":0,"count":365,"filter":"raw","cat_ID":2,"category_count":365,"category_description":"","cat_name":"News","category_nicename":"news","category_parent":0}],"rise-blocks_excerpt":"A Funda\u00e7\u00e3o de Estudos do Mar (FEMAR) realizou, no dia 01 de outubro, a Cerim\u00f4nia de Encerramento do Curso de Aperfei\u00e7oamento para Oficial de N\u00e1utica \u2013 APNT 2021. ","_links":{"self":[{"href":"https:\/\/fundacaofemar.org.br\/portalwordpress\/wp-json\/wp\/v2\/posts\/8338","targetHints":{"allow":["GET"]}}],"collection":[{"href":"https:\/\/fundacaofemar.org.br\/portalwordpress\/wp-json\/wp\/v2\/posts"}],"about":[{"href":"https:\/\/fundacaofemar.org.br\/portalwordpress\/wp-json\/wp\/v2\/types\/post"}],"author":[{"embeddable":true,"href":"https:\/\/fundacaofemar.org.br\/portalwordpress\/wp-json\/wp\/v2\/users\/9"}],"replies":[{"embeddable":true,"href":"https:\/\/fundacaofemar.org.br\/portalwordpress\/wp-json\/wp\/v2\/comments?post=8338"}],"version-history":[{"count":0,"href":"https:\/\/fundacaofemar.org.br\/portalwordpress\/wp-json\/wp\/v2\/posts\/8338\/revisions"}],"wp:attachment":[{"href":"https:\/\/fundacaofemar.org.br\/portalwordpress\/wp-json\/wp\/v2\/media?parent=8338"}],"wp:term":[{"taxonomy":"category","embeddable":true,"href":"https:\/\/fundacaofemar.org.br\/portalwordpress\/wp-json\/wp\/v2\/categories?post=8338"},{"taxonomy":"post_tag","embeddable":true,"href":"https:\/\/fundacaofemar.org.br\/portalwordpress\/wp-json\/wp\/v2\/tags?post=8338"}],"curies":[{"name":"wp","href":"https:\/\/api.w.org\/{rel}","templated":true}]}}