{"id":8359,"date":"2021-10-15T11:39:15","date_gmt":"2021-10-15T14:39:15","guid":{"rendered":"https:\/\/fundacaofemar.org.br\/portalwordpress\/?p=8359"},"modified":"2021-10-17T13:46:28","modified_gmt":"2021-10-17T16:46:28","slug":"femar-encerra-2a-edicao-online-do-curso-de-estrategia-maritima","status":"publish","type":"post","link":"https:\/\/fundacaofemar.org.br\/portalwordpress\/2021\/10\/15\/femar-encerra-2a-edicao-online-do-curso-de-estrategia-maritima\/","title":{"rendered":"FEMAR ENCERRA 2\u00aa EDI\u00c7\u00c3O ONLINE DO CURSO DE ESTRAT\u00c9GIA MAR\u00cdTIMA"},"content":{"rendered":"<div class=\"post-content\">\n<div class=\"wp-block-group\"><div class=\"wp-block-group__inner-container is-layout-flow wp-block-group-is-layout-flow\">\n<p><strong>Publicado em 15 de Outubro de 2021<\/strong><\/p>\n\n\n\n<p>No dia 07 de outubro, a Funda\u00e7\u00e3o de Estudos do Mar \u2013 FEMAR encerrou sua 2\u00aa. edi\u00e7\u00e3o do curso de Estrat\u00e9gia Mar\u00edtima &#8211; ESMAR 2021, na modalidade <em>online<\/em>. O ESMAR tem como p\u00fablico alvo portadores de diploma de ensino superior, graduandos da \u00e1rea de Rela\u00e7\u00f5es Internacionais, Com\u00e9rcio Exterior e Direito.<\/p>\n\n\n\n<p>O Coordenador Acad\u00eamico da Escola de Guerra Naval (EGN), Capit\u00e3o de Mar e Guerra (RM1) <strong>LEONARDO<\/strong> Faria de <strong>MATTOS<\/strong>, afirmou que, apesar da pandemia e da nova forma de apresentar, o curso \u00e9, tamb\u00e9m, um desafio muito positivo: \u201c\u00c9 uma satisfa\u00e7\u00e3o estarmos encerrando mais um ESMAR. Na minha avalia\u00e7\u00e3o, o resultado tem propiciado a participa\u00e7\u00e3o de v\u00e1rios alunos do Brasil e at\u00e9 de Pa\u00edses amigos. Isso \u00e9 uma mostra do potencial do curso. Uma grande conquista\u201d.<\/p>\n\n\n\n<p>Por ocasi\u00e3o da Cerim\u00f4nia de Formatura foi apresentado o trabalho \u201cAn\u00e1lise Oceanopol\u00edtica do Atl\u00e2ntico Sul e seu entorno estrat\u00e9gico\u201d, que teve como objetivo analisar de forma abrangente e sucinta sobre o Atl\u00e2ntico Sul, observando os seguintes pa\u00edses e territ\u00f3rios: Argentina, Paraguai, Uruguai e territ\u00f3rios ultramarinos brit\u00e2nicos. Para isso, buscou-se identificar aspectos de express\u00f5es do poder nacional de cada um no \u00e2mbito econ\u00f4mico e militar, bem como quest\u00f5es relativas a diplomacia e seguran\u00e7a que foram interpretadas como pertinentes ao objetivo da apresenta\u00e7\u00e3o.<\/p>\n\n\n\n<div class=\"wp-block-image post-image\"><figure class=\"aligncenter size-large is-resized\"><img fetchpriority=\"high\" decoding=\"async\" src=\"https:\/\/fundacaofemar.org.br\/portalwordpress\/wp-content\/uploads\/2021\/10\/Screenshot_20211007-180410_Teams-1024x546.jpg\" alt=\"\" class=\"wp-image-8360\" width=\"871\" height=\"464\" srcset=\"https:\/\/fundacaofemar.org.br\/portalwordpress\/wp-content\/uploads\/2021\/10\/Screenshot_20211007-180410_Teams-1024x546.jpg 1024w, https:\/\/fundacaofemar.org.br\/portalwordpress\/wp-content\/uploads\/2021\/10\/Screenshot_20211007-180410_Teams-300x160.jpg 300w, https:\/\/fundacaofemar.org.br\/portalwordpress\/wp-content\/uploads\/2021\/10\/Screenshot_20211007-180410_Teams-768x410.jpg 768w, https:\/\/fundacaofemar.org.br\/portalwordpress\/wp-content\/uploads\/2021\/10\/Screenshot_20211007-180410_Teams-1536x819.jpg 1536w, https:\/\/fundacaofemar.org.br\/portalwordpress\/wp-content\/uploads\/2021\/10\/Screenshot_20211007-180410_Teams.jpg 1671w\" sizes=\"(max-width: 871px) 100vw, 871px\" \/><\/figure><\/div>\n\n\n\n<p>O Comandante <strong>LEONARDO MATTOS<\/strong> comentou que, em fun\u00e7\u00e3o do aumento do n\u00famero de alunos no ESMAR 2021, a turma foi dividida em quatro grupos, tendo sido uma tarefa dif\u00edcil escolher o melhor trabalho, haja vista a devida qualidade das apresenta\u00e7\u00f5es.<\/p>\n\n\n\n<div class=\"wp-block-image post-image\"><figure class=\"aligncenter size-large is-resized\"><img decoding=\"async\" src=\"https:\/\/fundacaofemar.org.br\/portalwordpress\/wp-content\/uploads\/2021\/10\/ESMAR-2021-02-1024x611.jpg\" alt=\"\" class=\"wp-image-8361\" width=\"885\" height=\"528\" srcset=\"https:\/\/fundacaofemar.org.br\/portalwordpress\/wp-content\/uploads\/2021\/10\/ESMAR-2021-02-1024x611.jpg 1024w, https:\/\/fundacaofemar.org.br\/portalwordpress\/wp-content\/uploads\/2021\/10\/ESMAR-2021-02-300x179.jpg 300w, https:\/\/fundacaofemar.org.br\/portalwordpress\/wp-content\/uploads\/2021\/10\/ESMAR-2021-02-768x458.jpg 768w, https:\/\/fundacaofemar.org.br\/portalwordpress\/wp-content\/uploads\/2021\/10\/ESMAR-2021-02.jpg 1427w\" sizes=\"(max-width: 885px) 100vw, 885px\" \/><\/figure><\/div>\n\n\n\n<p>O Diretor da Escola de Guerra Naval (EGN), Contra-Almirante <strong>SILVIO LUIS <\/strong>dos Santos ressaltou, em seu discurso, o \u00eaxito da qualidade do trabalho do grupo Charlie, que, sem d\u00favida, fez uma pesquisa muito interessante e oportuna: \u201cParabenizo tamb\u00e9m n\u00e3o s\u00f3 esse grupo, mas todos os outros que eu tenho certeza que fizeram uma pesquisa de grande qualidade. \u00c9 fato que esse curso possui alunos de diversas forma\u00e7\u00f5es acad\u00eamicas, faixas et\u00e1rias, g\u00eaneros e locais distintos do nosso Pa\u00eds, o que aumentou a amplitude das discuss\u00f5es e engrandeceu o trabalho final. Destaco, ainda, o Capit\u00e3o de Mar e Guerra (Ref) Milton Ferreira <strong>TITO<\/strong>, um jovem de 88 anos. Um mestre. Um Oficial de destacada carreira tanto na Marinha, como em diversas Institui\u00e7\u00f5es em nossa sociedade. Sua presen\u00e7a nos inspira. \u00c9 uma satisfa\u00e7\u00e3o! Um exemplo\u201d.<\/p>\n\n\n\n<div class=\"wp-block-image post-image\"><figure class=\"aligncenter size-large is-resized\"><img decoding=\"async\" src=\"https:\/\/fundacaofemar.org.br\/portalwordpress\/wp-content\/uploads\/2021\/10\/Screenshot_20211007-190635_Teams-1024x643.jpg\" alt=\"\" class=\"wp-image-8362\" width=\"900\" height=\"567\"\/><\/figure><\/div>\n\n\n\n<p>O Presidente da FEMAR, Almirante de Esquadra (Ref.) AIRTON Teixeira Pinho Filho, concluiu a Cerim\u00f4nia de Formatura enaltecendo a apresenta\u00e7\u00e3o do Grupo Charlie e cumprimentou e agradeceu a presen\u00e7a de todos no ambiente virtual, em especial a do Contra-Almirante SILVIO LUIS, \u201cque tanto nos incentiva a dar continuidade ao curso. O interesse \u00e9 m\u00fatuo. \u00c9 com muita satisfa\u00e7\u00e3o que a FEMAR, em parceria com a EGN, ministrou a 2\u00aa. edi\u00e7\u00e3o do curso ESMAR, na modalidade <em>online,<\/em> visando proporcionar aos discentes conhecimentos b\u00e1sicos da Estrat\u00e9gia Mar\u00edtima Brasileira, com \u00eanfase nos aspectos do Poder Mar\u00edtimo, da Estrat\u00e9gia Nacional de Defesa e das Conjunturas Nacional e Internacional. Desejo que o conv\u00edvio com os nossos palestrantes tenha sido proveitoso e de grande valia, tanto pessoal quanto profissionalmente. Cumprimento a todos, concluintes e instrutores\u201d.<\/p>\n<\/div><\/div>\n\n\n\n<p><\/p>\n<\/div>","protected":false},"excerpt":{"rendered":"<p>No dia 07 de outubro, a Funda\u00e7\u00e3o de Estudos do Mar \u2013 FEMAR encerrou sua 2\u00aa. edi\u00e7\u00e3o do curso de Estrat\u00e9gia Mar\u00edtima &#8211; ESMAR 2021, na modalidade online. O ESMAR tem como p\u00fablico alvo portadores de diploma de ensino superior, graduandos da \u00e1rea de Rela\u00e7\u00f5es Internacionais, Com\u00e9rcio Exterior e Direito.<\/p>\n","protected":false},"author":9,"featured_media":0,"comment_status":"closed","ping_status":"closed","sticky":false,"template":"","format":"standard","meta":{"footnotes":""},"categories":[29,2],"tags":[],"class_list":["post-8359","post","type-post","status-publish","format-standard","hentry","category-ensino","category-news"],"rise-blocks_total_comments":0,"rise-blocks_categories":[{"term_id":29,"name":"Ensino","slug":"ensino","term_group":0,"term_taxonomy_id":29,"taxonomy":"category","description":"","parent":2,"count":142,"filter":"raw","cat_ID":29,"category_count":142,"category_description":"","cat_name":"Ensino","category_nicename":"ensino","category_parent":2},{"term_id":2,"name":"News","slug":"news","term_group":0,"term_taxonomy_id":2,"taxonomy":"category","description":"","parent":0,"count":363,"filter":"raw","cat_ID":2,"category_count":363,"category_description":"","cat_name":"News","category_nicename":"news","category_parent":0}],"rise-blocks_excerpt":"No dia 07 de outubro, a Funda\u00e7\u00e3o de Estudos do Mar \u2013 FEMAR encerrou sua 2\u00aa. edi\u00e7\u00e3o do curso de Estrat\u00e9gia Mar\u00edtima - ESMAR 2021, na modalidade online. O ESMAR tem como p\u00fablico alvo portadores de diploma de ensino superior, graduandos da \u00e1rea de Rela\u00e7\u00f5es Internacionais, Com\u00e9rcio Exterior e Direito.","_links":{"self":[{"href":"https:\/\/fundacaofemar.org.br\/portalwordpress\/wp-json\/wp\/v2\/posts\/8359","targetHints":{"allow":["GET"]}}],"collection":[{"href":"https:\/\/fundacaofemar.org.br\/portalwordpress\/wp-json\/wp\/v2\/posts"}],"about":[{"href":"https:\/\/fundacaofemar.org.br\/portalwordpress\/wp-json\/wp\/v2\/types\/post"}],"author":[{"embeddable":true,"href":"https:\/\/fundacaofemar.org.br\/portalwordpress\/wp-json\/wp\/v2\/users\/9"}],"replies":[{"embeddable":true,"href":"https:\/\/fundacaofemar.org.br\/portalwordpress\/wp-json\/wp\/v2\/comments?post=8359"}],"version-history":[{"count":0,"href":"https:\/\/fundacaofemar.org.br\/portalwordpress\/wp-json\/wp\/v2\/posts\/8359\/revisions"}],"wp:attachment":[{"href":"https:\/\/fundacaofemar.org.br\/portalwordpress\/wp-json\/wp\/v2\/media?parent=8359"}],"wp:term":[{"taxonomy":"category","embeddable":true,"href":"https:\/\/fundacaofemar.org.br\/portalwordpress\/wp-json\/wp\/v2\/categories?post=8359"},{"taxonomy":"post_tag","embeddable":true,"href":"https:\/\/fundacaofemar.org.br\/portalwordpress\/wp-json\/wp\/v2\/tags?post=8359"}],"curies":[{"name":"wp","href":"https:\/\/api.w.org\/{rel}","templated":true}]}}