{"id":8958,"date":"2022-01-09T16:38:31","date_gmt":"2022-01-09T19:38:31","guid":{"rendered":"https:\/\/fundacaofemar.org.br\/portalwordpress\/?p=8958"},"modified":"2022-06-15T19:00:08","modified_gmt":"2022-06-15T22:00:08","slug":"feliz-dia-do-leitor","status":"publish","type":"post","link":"https:\/\/fundacaofemar.org.br\/portalwordpress\/2022\/01\/09\/feliz-dia-do-leitor\/","title":{"rendered":"07 DE JANEIRO &#8211; FELIZ DIA DO LEITOR!"},"content":{"rendered":"<div class=\"post-content\">\n<div class=\"wp-block-group\"><div class=\"wp-block-group__inner-container is-layout-flow wp-block-group-is-layout-flow\">\n<p><strong>Publicado em 07 de Janeiro de 2022<\/strong><\/p>\n\n\n<div class=\"wp-block-image post-image\">\n<figure class=\"aligncenter size-large is-resized\"><img fetchpriority=\"high\" decoding=\"async\" src=\"https:\/\/fundacaofemar.org.br\/portalwordpress\/wp-content\/uploads\/2022\/01\/dia-do-leitor-1024x1024.png\" alt=\"\" class=\"wp-image-8959\" width=\"879\" height=\"879\" srcset=\"https:\/\/fundacaofemar.org.br\/portalwordpress\/wp-content\/uploads\/2022\/01\/dia-do-leitor-1024x1024.png 1024w, https:\/\/fundacaofemar.org.br\/portalwordpress\/wp-content\/uploads\/2022\/01\/dia-do-leitor-300x300.png 300w, https:\/\/fundacaofemar.org.br\/portalwordpress\/wp-content\/uploads\/2022\/01\/dia-do-leitor-150x150.png 150w, https:\/\/fundacaofemar.org.br\/portalwordpress\/wp-content\/uploads\/2022\/01\/dia-do-leitor-768x768.png 768w, https:\/\/fundacaofemar.org.br\/portalwordpress\/wp-content\/uploads\/2022\/01\/dia-do-leitor.png 1080w\" sizes=\"(max-width: 879px) 100vw, 879px\" \/><\/figure><\/div>\n\n\n<p class=\"has-text-align-right\">&#8220;<em>Leitura \u00e9 a chave para se ter um universo de ideias e uma tempestade de palavras&#8221;.<\/em><\/p>\n\n\n\n<p class=\"has-text-align-right\">Pedro Bom Jesus<\/p>\n\n\n\n<p class=\"has-text-align-left\"><strong><em>07 de janeiro<\/em><\/strong>, \u00e9 celebrado no Brasil anualmente&nbsp;o dia do leitor. Data foi institu\u00edda em homenagem ao jornal cearense \u201cO Povo\u201d criado em 7 de janeiro de 1928 pelo poeta e jornalista Dem\u00f3crito Rocha.<\/p>\n\n\n\n<p>Segunda a Professora licenciada em Letras<strong> <\/strong>Daniela Diana<strong>.<\/strong> \u201cTanto a leitura quanto a escrita s\u00e3o pr\u00e1ticas sociais de suma import\u00e2ncia para o desenvolvimento da cogni\u00e7\u00e3o humana.<\/p>\n\n\n\n<p>Ambas proporcionam o desenvolvimento do intelecto e da imagina\u00e7\u00e3o, al\u00e9m de promoverem a aquisi\u00e7\u00e3o de conhecimentos.<\/p>\n\n\n\n<p>A FEMAR, \u00e9 comprometida com desenvolvimento da leitura, dentro de nossa infraestrutura escolar, dispomos da <strong>BIBLIOTECA ALMIRANTE<\/strong> <strong>PAULO MOREIRA<\/strong>, administrada pela Superintend\u00eancia de Ensino.<\/p>\n\n\n\n<p>Dessa maneira, quando lemos ocorrem diversas liga\u00e7\u00f5es no c\u00e9rebro que nos permitem desenvolver o racioc\u00ednio. Al\u00e9m disso, com essa atividade agu\u00e7amos nosso senso cr\u00edtico por meio da capacidade de interpreta\u00e7\u00e3o.\u201d<\/p>\n\n\n\n<p>Nossa biblioteca climatizada, com acesso \u00e0 internet e acervo dedicado aos cursos ministrado pela FEMAR. Conta mais de dois mil livros, al\u00e9m dos de literatura, temos tamb\u00e9m livros de:<\/p>\n\n\n\n<ul class=\"wp-block-list\"><li><strong>Com\u00e9rcio Exterior;<\/strong><\/li><li><strong>Direito Naval;<\/strong><\/li><li><strong>Biologia;<\/strong><\/li><li><strong>Hist\u00f3ria;<\/strong><\/li><li><strong>Cartografias; e<\/strong><\/li><li><strong>Organiza\u00e7\u00f5es.<\/strong><\/li><\/ul>\n\n\n\n<p>T\u00edtulos que despertam o gosto pela leitura e produzem os aprimoramentos das habilidades.<\/p>\n\n\n\n<p class=\"has-text-align-left\"><\/p>\n\n\n<div class=\"wp-block-image post-image\">\n<figure class=\"aligncenter size-large\"><img decoding=\"async\" width=\"1024\" height=\"256\" src=\"https:\/\/fundacaofemar.org.br\/portalwordpress\/wp-content\/uploads\/2022\/01\/biblioteca-femar-1024x256.jpg\" alt=\"\" class=\"wp-image-8960\" srcset=\"https:\/\/fundacaofemar.org.br\/portalwordpress\/wp-content\/uploads\/2022\/01\/biblioteca-femar-1024x256.jpg 1024w, https:\/\/fundacaofemar.org.br\/portalwordpress\/wp-content\/uploads\/2022\/01\/biblioteca-femar-300x75.jpg 300w, https:\/\/fundacaofemar.org.br\/portalwordpress\/wp-content\/uploads\/2022\/01\/biblioteca-femar-768x192.jpg 768w, https:\/\/fundacaofemar.org.br\/portalwordpress\/wp-content\/uploads\/2022\/01\/biblioteca-femar.jpg 1303w\" sizes=\"(max-width: 1024px) 100vw, 1024px\" \/><\/figure><\/div>\n\n<div class=\"wp-block-image post-image\">\n<figure class=\"aligncenter size-full is-resized\"><img decoding=\"async\" src=\"https:\/\/fundacaofemar.org.br\/portalwordpress\/wp-content\/uploads\/2022\/01\/QRCODE.jpg\" alt=\"\" class=\"wp-image-8962\" width=\"256\" height=\"256\" srcset=\"https:\/\/fundacaofemar.org.br\/portalwordpress\/wp-content\/uploads\/2022\/01\/QRCODE.jpg 1024w, https:\/\/fundacaofemar.org.br\/portalwordpress\/wp-content\/uploads\/2022\/01\/QRCODE-300x300.jpg 300w, https:\/\/fundacaofemar.org.br\/portalwordpress\/wp-content\/uploads\/2022\/01\/QRCODE-150x150.jpg 150w, https:\/\/fundacaofemar.org.br\/portalwordpress\/wp-content\/uploads\/2022\/01\/QRCODE-768x768.jpg 768w\" sizes=\"(max-width: 256px) 100vw, 256px\" \/><\/figure><\/div>\n\n\n<p class=\"has-text-align-center\"><strong><em>PARA MAIS INFORMA\u00c7\u00d5ES<\/em><\/strong><\/p>\n\n\n\n<p class=\"has-text-align-left\">.<\/p>\n<\/div><\/div>\n\n\n\n<p><\/p>\n<\/div>","protected":false},"excerpt":{"rendered":"<p>07 de janeiro, \u00e9 celebrado no Brasil anualmente\u00a0o dia do leitor. Data foi institu\u00edda em homenagem ao jornal cearense \u201cO Povo\u201d criado em 7 de janeiro de 1928 pelo poeta e jornalista Dem\u00f3crito Rocha.<\/p>\n","protected":false},"author":9,"featured_media":0,"comment_status":"closed","ping_status":"closed","sticky":false,"template":"","format":"standard","meta":{"footnotes":""},"categories":[29,2],"tags":[],"class_list":["post-8958","post","type-post","status-publish","format-standard","hentry","category-ensino","category-news"],"rise-blocks_total_comments":0,"rise-blocks_categories":[{"term_id":29,"name":"Ensino","slug":"ensino","term_group":0,"term_taxonomy_id":29,"taxonomy":"category","description":"","parent":2,"count":142,"filter":"raw","cat_ID":29,"category_count":142,"category_description":"","cat_name":"Ensino","category_nicename":"ensino","category_parent":2},{"term_id":2,"name":"News","slug":"news","term_group":0,"term_taxonomy_id":2,"taxonomy":"category","description":"","parent":0,"count":363,"filter":"raw","cat_ID":2,"category_count":363,"category_description":"","cat_name":"News","category_nicename":"news","category_parent":0}],"rise-blocks_excerpt":"07 de janeiro, \u00e9 celebrado no Brasil anualmente\u00a0o dia do leitor. Data foi institu\u00edda em homenagem ao jornal cearense \u201cO Povo\u201d criado em 7 de janeiro de 1928 pelo poeta e jornalista Dem\u00f3crito Rocha.","_links":{"self":[{"href":"https:\/\/fundacaofemar.org.br\/portalwordpress\/wp-json\/wp\/v2\/posts\/8958","targetHints":{"allow":["GET"]}}],"collection":[{"href":"https:\/\/fundacaofemar.org.br\/portalwordpress\/wp-json\/wp\/v2\/posts"}],"about":[{"href":"https:\/\/fundacaofemar.org.br\/portalwordpress\/wp-json\/wp\/v2\/types\/post"}],"author":[{"embeddable":true,"href":"https:\/\/fundacaofemar.org.br\/portalwordpress\/wp-json\/wp\/v2\/users\/9"}],"replies":[{"embeddable":true,"href":"https:\/\/fundacaofemar.org.br\/portalwordpress\/wp-json\/wp\/v2\/comments?post=8958"}],"version-history":[{"count":0,"href":"https:\/\/fundacaofemar.org.br\/portalwordpress\/wp-json\/wp\/v2\/posts\/8958\/revisions"}],"wp:attachment":[{"href":"https:\/\/fundacaofemar.org.br\/portalwordpress\/wp-json\/wp\/v2\/media?parent=8958"}],"wp:term":[{"taxonomy":"category","embeddable":true,"href":"https:\/\/fundacaofemar.org.br\/portalwordpress\/wp-json\/wp\/v2\/categories?post=8958"},{"taxonomy":"post_tag","embeddable":true,"href":"https:\/\/fundacaofemar.org.br\/portalwordpress\/wp-json\/wp\/v2\/tags?post=8958"}],"curies":[{"name":"wp","href":"https:\/\/api.w.org\/{rel}","templated":true}]}}