{"id":8989,"date":"2022-01-13T11:14:37","date_gmt":"2022-01-13T14:14:37","guid":{"rendered":"https:\/\/fundacaofemar.org.br\/portalwordpress\/?p=8989"},"modified":"2022-06-15T19:01:41","modified_gmt":"2022-06-15T22:01:41","slug":"40-anos-do-programa-antartico-brasileiro","status":"publish","type":"post","link":"https:\/\/fundacaofemar.org.br\/portalwordpress\/2022\/01\/13\/40-anos-do-programa-antartico-brasileiro\/","title":{"rendered":"40 ANOS DO PROGRAMA ANT\u00c1RTICO BRASILEIRO"},"content":{"rendered":"<div class=\"post-content\">\n<p><strong>Publicado em 13 de Janeiro de 2022<\/strong><\/p>\n\n\n\n<p>Em 1975, o Brasil aderiu ao Tratado Ant\u00e1rtico e, em 1982, implementou o Programa Ant\u00e1rtico Brasileiro (PROANTAR), por interm\u00e9dio da Comiss\u00e3o Interministerial para os Recursos do Mar (CIRM). Nesse mesmo ano foi realizada a primeira Opera\u00e7\u00e3o Ant\u00e1rtica (OPERANTAR).<\/p>\n\n\n\n<p>Em 1983, o Brasil foi elevado \u00e0 condi\u00e7\u00e3o de membro consultivo do Tratado, um importante passo pol\u00edtico na quest\u00e3o Ant\u00e1rtica.<\/p>\n\n\n\n<p>Nessa ocasi\u00e3o a Marinha do Brasil adquiriu o Navio de Apoio Oceanogr\u00e1fico Bar\u00e3o de Tef\u00e9, para apoiar as OPERANTAR e viabilizar a implanta\u00e7\u00e3o de uma esta\u00e7\u00e3o cient\u00edfica permanente, o que veio a ocorrer em 6 de fevereiro de 1984, quando foi inaugurada a Esta\u00e7\u00e3o Ant\u00e1rtica Comandante Ferraz (EACF). Nesse mesmo ano, em reconhecimento \u00e0s pesquisas realizadas, o Brasil tornou-se membro do Comit\u00ea Cient\u00edfico de Pesquisas Ant\u00e1rticas.<\/p>\n\n\n\n<p>Em 15 de janeiro de 2020, foram inauguradas as novas instala\u00e7\u00f5es da EACF, com uma \u00e1rea de aproximadamente 4.500 m\u00b2, contendo 17 laborat\u00f3rios voltados \u00e0s atividades cient\u00edficas.<\/p>\n\n\n\n<p>As atividades desenvolvidas pelo PROANTAR nesses 40 anos de exist\u00eancia consolidaram a presen\u00e7a do nosso Pa\u00eds no Continente Branco e t\u00eam garantido os interesses soberanos da sociedade brasileira.<\/p>\n\n\n<div class=\"wp-block-image post-image\">\n<figure class=\"aligncenter size-large is-resized\"><img fetchpriority=\"high\" decoding=\"async\" src=\"https:\/\/fundacaofemar.org.br\/portalwordpress\/wp-content\/uploads\/2022\/01\/document.send_-1024x724.jpg\" alt=\"\" class=\"wp-image-8990\" width=\"677\" height=\"479\" srcset=\"https:\/\/fundacaofemar.org.br\/portalwordpress\/wp-content\/uploads\/2022\/01\/document.send_-1024x724.jpg 1024w, https:\/\/fundacaofemar.org.br\/portalwordpress\/wp-content\/uploads\/2022\/01\/document.send_-300x212.jpg 300w, https:\/\/fundacaofemar.org.br\/portalwordpress\/wp-content\/uploads\/2022\/01\/document.send_-768x543.jpg 768w, https:\/\/fundacaofemar.org.br\/portalwordpress\/wp-content\/uploads\/2022\/01\/document.send_.jpg 1200w\" sizes=\"(max-width: 677px) 100vw, 677px\" \/><\/figure><\/div><\/div>","protected":false},"excerpt":{"rendered":"<p>Em 1975, o Brasil aderiu ao Tratado Ant\u00e1rtico e, em 1982, implementou o Programa Ant\u00e1rtico Brasileiro (PROANTAR), por interm\u00e9dio da Comiss\u00e3o Interministerial para os Recursos do Mar (CIRM). Nesse mesmo ano foi realizada a primeira Opera\u00e7\u00e3o Ant\u00e1rtica (OPERANTAR).<\/p>\n","protected":false},"author":8,"featured_media":0,"comment_status":"closed","ping_status":"closed","sticky":false,"template":"","format":"standard","meta":{"footnotes":""},"categories":[2],"tags":[],"class_list":["post-8989","post","type-post","status-publish","format-standard","hentry","category-news"],"rise-blocks_total_comments":0,"rise-blocks_categories":[{"term_id":2,"name":"News","slug":"news","term_group":0,"term_taxonomy_id":2,"taxonomy":"category","description":"","parent":0,"count":363,"filter":"raw","cat_ID":2,"category_count":363,"category_description":"","cat_name":"News","category_nicename":"news","category_parent":0}],"rise-blocks_excerpt":"Em 1975, o Brasil aderiu ao Tratado Ant\u00e1rtico e, em 1982, implementou o Programa Ant\u00e1rtico Brasileiro (PROANTAR), por interm\u00e9dio da Comiss\u00e3o Interministerial para os Recursos do Mar (CIRM). Nesse mesmo ano foi realizada a primeira Opera\u00e7\u00e3o Ant\u00e1rtica (OPERANTAR).","_links":{"self":[{"href":"https:\/\/fundacaofemar.org.br\/portalwordpress\/wp-json\/wp\/v2\/posts\/8989","targetHints":{"allow":["GET"]}}],"collection":[{"href":"https:\/\/fundacaofemar.org.br\/portalwordpress\/wp-json\/wp\/v2\/posts"}],"about":[{"href":"https:\/\/fundacaofemar.org.br\/portalwordpress\/wp-json\/wp\/v2\/types\/post"}],"author":[{"embeddable":true,"href":"https:\/\/fundacaofemar.org.br\/portalwordpress\/wp-json\/wp\/v2\/users\/8"}],"replies":[{"embeddable":true,"href":"https:\/\/fundacaofemar.org.br\/portalwordpress\/wp-json\/wp\/v2\/comments?post=8989"}],"version-history":[{"count":0,"href":"https:\/\/fundacaofemar.org.br\/portalwordpress\/wp-json\/wp\/v2\/posts\/8989\/revisions"}],"wp:attachment":[{"href":"https:\/\/fundacaofemar.org.br\/portalwordpress\/wp-json\/wp\/v2\/media?parent=8989"}],"wp:term":[{"taxonomy":"category","embeddable":true,"href":"https:\/\/fundacaofemar.org.br\/portalwordpress\/wp-json\/wp\/v2\/categories?post=8989"},{"taxonomy":"post_tag","embeddable":true,"href":"https:\/\/fundacaofemar.org.br\/portalwordpress\/wp-json\/wp\/v2\/tags?post=8989"}],"curies":[{"name":"wp","href":"https:\/\/api.w.org\/{rel}","templated":true}]}}