{"id":9088,"date":"2022-02-01T14:30:14","date_gmt":"2022-02-01T17:30:14","guid":{"rendered":"https:\/\/fundacaofemar.org.br\/portalwordpress\/?p=9088"},"modified":"2022-06-15T19:07:34","modified_gmt":"2022-06-15T22:07:34","slug":"mes-de-fevereiro-campanhas-de-saude","status":"publish","type":"post","link":"https:\/\/fundacaofemar.org.br\/portalwordpress\/2022\/02\/01\/mes-de-fevereiro-campanhas-de-saude\/","title":{"rendered":"M\u00caS DE FEVEREIRO &#8211; CAMPANHAS DE SA\u00daDE"},"content":{"rendered":"<div class=\"post-content\">\n<p><strong>Publicado em 01 de Fevereiro de 2022<\/strong><\/p>\n\n\n\n<figure class=\"wp-block-gallery has-nested-images columns-default is-cropped wp-block-gallery-1 is-layout-flex wp-block-gallery-is-layout-flex\">\n<figure class=\"wp-block-image size-large post-image\"><img fetchpriority=\"high\" decoding=\"async\" width=\"1024\" height=\"675\" data-id=\"9089\" src=\"https:\/\/fundacaofemar.org.br\/portalwordpress\/wp-content\/uploads\/2022\/02\/3-1024x675.png\" alt=\"\" class=\"wp-image-9089\" srcset=\"https:\/\/fundacaofemar.org.br\/portalwordpress\/wp-content\/uploads\/2022\/02\/3-1024x675.png 1024w, https:\/\/fundacaofemar.org.br\/portalwordpress\/wp-content\/uploads\/2022\/02\/3-300x198.png 300w, https:\/\/fundacaofemar.org.br\/portalwordpress\/wp-content\/uploads\/2022\/02\/3-768x506.png 768w, https:\/\/fundacaofemar.org.br\/portalwordpress\/wp-content\/uploads\/2022\/02\/3.png 1076w\" sizes=\"(max-width: 1024px) 100vw, 1024px\" \/><\/figure>\n<\/figure>\n\n\n\n<p><br>As cores roxo e laranja t\u00eam significados que ressaltam a conscientiza\u00e7\u00e3o de algumas doen\u00e7as que a popula\u00e7\u00e3o n\u00e3o tem muito conhecimento. O m\u00eas de Fevereiro traz duas cores fortes sobre os cuidados com a sa\u00fade.<\/p>\n\n\n\n<p><strong>Roxo: L\u00fapus, Fibromialgia e Alzheimer<\/strong><\/p>\n\n\n\n<p>A campanha \u201cFevereiro Roxo\u201d foi escolhida para alertar a tr\u00edade: do L\u00fapus, da Fibromialgia e do Mal de Alzheimer. S\u00e3o duas doen\u00e7as autoimunes e uma degenerativa de grande relev\u00e2ncia, principalmente por serem \u2018doen\u00e7as silenciosas\u2019 e de progress\u00e3o gradual.<\/p>\n\n\n\n<p>O L\u00fapus \u00e9 um dist\u00farbio que afeta o sistema imunol\u00f3gico, aumentando a produ\u00e7\u00e3o de anticorpos. Os sintomas variam de acordo com as partes do corpo que s\u00e3o afetadas, incluindo febre, dor nas articula\u00e7\u00f5es, dificuldade para respirar, sensibilidade \u00e0 luz solar, queda de cabelo, dentre outras.<\/p>\n\n\n\n<p>J\u00e1 a Fibromialgia \u00e9 uma doen\u00e7a inflamat\u00f3ria que acomete o sistema locomotor. Tem como caracter\u00edstica a dor muscular cr\u00f4nica e generalizada. Os sintomas principais s\u00e3o fadiga, febre, dor nas articula\u00e7\u00f5es, cansa\u00e7o excessivo, ansiedade, depress\u00e3o, altera\u00e7\u00f5es no sono e altera\u00e7\u00f5es de mem\u00f3ria e aten\u00e7\u00e3o.<\/p>\n\n\n\n<p>Por fim, o Alzheimer \u00e9 a perda progressiva da fun\u00e7\u00e3o mental. Diversos tipos de dem\u00eancias podem ocorrer, como problemas de se comunicar, mudan\u00e7as de personalidade, desorienta\u00e7\u00e3o, comportamento inapropriado e problemas ao fazer tarefas di\u00e1rias de rotina. Estima-se, de acordo com a Associa\u00e7\u00e3o Brasileira de Alzheimer, que existam no mundo cerca de 35,6 milh\u00f5es de pessoas com a doen\u00e7a. No Brasil, h\u00e1 cerca de 1,2 milh\u00e3o de casos, a maior parte deles ainda sem diagn\u00f3stico. <\/p>\n\n\n\n<p><strong>Laranja: Leucemia<\/strong><\/p>\n\n\n\n<p>A campanha \u201cFevereiro Laranja\u201d visa conscientizar a popula\u00e7\u00e3o sobre a import\u00e2ncia para os sintomas da Leucemia, um tipo de c\u00e2ncer maligno que atinge a medula \u00f3ssea.<\/p>\n\n\n\n<p>O Instituto Nacional de C\u00e2ncer (INCA) afirma que a detec\u00e7\u00e3o precoce \u00e9 uma estrat\u00e9gia para encontrar um tumor em fase inicial e possibilitar maior chance de tratamento. O diagn\u00f3stico possibilita melhores resultados e deve ser buscado com a investiga\u00e7\u00e3o de sinais e sintomas, como:<\/p>\n\n\n\n<p>\u00b7 palidez, cansa\u00e7o e febre<\/p>\n\n\n\n<p>\u00b7 aumento de g\u00e2nglios<\/p>\n\n\n\n<p>\u00b7 infec\u00e7\u00f5es persistentes ou recorrentes<\/p>\n\n\n\n<p>\u00b7 hematomas e sangramentos inexplicados, e,<\/p>\n\n\n\n<p>\u00b7 aumento do ba\u00e7o e do f\u00edgado<\/p>\n\n\n\n<p>Diante da suspeita da doen\u00e7a, o paciente dever\u00e1 realizar exames de sangue e procurar um hematologista para avalia\u00e7\u00e3o m\u00e9dica espec\u00edfica. A estimativa do INCA (2020) \u00e9 de mais de 10 mil novos casos, sendo 5.920 homens e 4.890 mulheres.<\/p>\n\n\n\n<p>                                                              <strong>A preven\u00e7\u00e3o \u00e9 sempre o melhor caminho!<\/strong><\/p>\n\n\n\n<p><\/p>\n\n\n\n<p>Aproveite para acompanhar as novidades da Funda\u00e7\u00e3o de Estudos do Mar nos links abaixo:<\/p>\n\n\n\n<p><a href=\"https:\/\/fundacaofemar.org.br\/portalwordpress\/\" target=\"_blank\" rel=\"noreferrer noopener\">https:\/\/fundacaofemar.org.br\/portalwordpress\/<\/a><\/p>\n\n\n\n<p> <a href=\"https:\/\/pt-br.facebook.com\/femar.fundacao\" target=\"_blank\" rel=\"noreferrer noopener\">https:\/\/pt-br.facebook.com\/femar.fundacao<\/a><\/p>\n\n\n\n<p><a href=\"https:\/\/br.linkedin.com\/company\/fundacaofemar\" target=\"_blank\" rel=\"noreferrer noopener\"> https:\/\/br.linkedin.com\/company\/fundacaofemar <\/a><\/p>\n\n\n\n<p><a href=\"https:\/\/www.youtube.com\/channel\/UC7_4ePpkhIVxbL5gZFTbRcg\" target=\"_blank\" rel=\"noreferrer noopener\">https:\/\/www.youtube.com\/channel\/UC7_4ePpkhIVxbL5gZFTbRcg<\/a><\/p>\n<\/div>","protected":false},"excerpt":{"rendered":"<p>A campanha \u201cFevereiro Roxo\u201d foi escolhida para alertar a tr\u00edade: do L\u00fapus, da Fibromialgia e do Mal de Alzheimer. S\u00e3o duas doen\u00e7as autoimunes e uma degenerativa de grande relev\u00e2ncia, principalmente por serem \u2018doen\u00e7as silenciosas\u2019 e de progress\u00e3o gradual.<\/p>\n","protected":false},"author":8,"featured_media":0,"comment_status":"closed","ping_status":"closed","sticky":false,"template":"","format":"standard","meta":{"footnotes":""},"categories":[2],"tags":[],"class_list":["post-9088","post","type-post","status-publish","format-standard","hentry","category-news"],"rise-blocks_total_comments":0,"rise-blocks_categories":[{"term_id":2,"name":"News","slug":"news","term_group":0,"term_taxonomy_id":2,"taxonomy":"category","description":"","parent":0,"count":363,"filter":"raw","cat_ID":2,"category_count":363,"category_description":"","cat_name":"News","category_nicename":"news","category_parent":0}],"rise-blocks_excerpt":"A campanha \u201cFevereiro Roxo\u201d foi escolhida para alertar a tr\u00edade: do L\u00fapus, da Fibromialgia e do Mal de Alzheimer. S\u00e3o duas doen\u00e7as autoimunes e uma degenerativa de grande relev\u00e2ncia, principalmente por serem \u2018doen\u00e7as silenciosas\u2019 e de progress\u00e3o gradual.","_links":{"self":[{"href":"https:\/\/fundacaofemar.org.br\/portalwordpress\/wp-json\/wp\/v2\/posts\/9088","targetHints":{"allow":["GET"]}}],"collection":[{"href":"https:\/\/fundacaofemar.org.br\/portalwordpress\/wp-json\/wp\/v2\/posts"}],"about":[{"href":"https:\/\/fundacaofemar.org.br\/portalwordpress\/wp-json\/wp\/v2\/types\/post"}],"author":[{"embeddable":true,"href":"https:\/\/fundacaofemar.org.br\/portalwordpress\/wp-json\/wp\/v2\/users\/8"}],"replies":[{"embeddable":true,"href":"https:\/\/fundacaofemar.org.br\/portalwordpress\/wp-json\/wp\/v2\/comments?post=9088"}],"version-history":[{"count":0,"href":"https:\/\/fundacaofemar.org.br\/portalwordpress\/wp-json\/wp\/v2\/posts\/9088\/revisions"}],"wp:attachment":[{"href":"https:\/\/fundacaofemar.org.br\/portalwordpress\/wp-json\/wp\/v2\/media?parent=9088"}],"wp:term":[{"taxonomy":"category","embeddable":true,"href":"https:\/\/fundacaofemar.org.br\/portalwordpress\/wp-json\/wp\/v2\/categories?post=9088"},{"taxonomy":"post_tag","embeddable":true,"href":"https:\/\/fundacaofemar.org.br\/portalwordpress\/wp-json\/wp\/v2\/tags?post=9088"}],"curies":[{"name":"wp","href":"https:\/\/api.w.org\/{rel}","templated":true}]}}