{"id":9163,"date":"2022-02-08T16:12:39","date_gmt":"2022-02-08T19:12:39","guid":{"rendered":"https:\/\/fundacaofemar.org.br\/portalwordpress\/?p=9163"},"modified":"2022-06-15T19:13:16","modified_gmt":"2022-06-15T22:13:16","slug":"parabens-38-anos-da-eacf","status":"publish","type":"post","link":"https:\/\/fundacaofemar.org.br\/portalwordpress\/2022\/02\/08\/parabens-38-anos-da-eacf\/","title":{"rendered":"PARAB\u00c9NS, 38 ANOS DA EACF!"},"content":{"rendered":"<div class=\"post-content\">\n<p><strong>Publicado em 13 de Janeiro de 2022<\/strong><\/p>\n\n\n\n<p>No momento que a Esta\u00e7\u00e3o Ant\u00e1rtica Comandante Ferraz (EACF) comemora 38 anos de excelentes servi\u00e7os prestados \u00e0 comunidade cient\u00edfica, garantindo os interesses soberanos da sociedade brasileira no Continente Branco, a Funda\u00e7\u00e3o de Estudos do Mar \u2013 FEMAR \u2013 cumprimenta todos aqueles que t\u00eam contribu\u00eddo de sua nobre Miss\u00e3o.<\/p>\n\n\n\n<p>Desde 2019, com muito orgulho e satisfa\u00e7\u00e3o, a FEMAR tem cooperado com a Opera\u00e7\u00e3o Ant\u00e1rtica (OPERANTAR), por meio do abastecimento de combust\u00edveis dos navios e aeronaves das For\u00e7as e da aquisi\u00e7\u00e3o de equipamentos. gest\u00e3o e da infraestrutura portu\u00e1ria.<\/p>\n\n\n\n<p><strong>Parab\u00e9ns EACF!!<\/strong><\/p>\n\n\n\n<figure class=\"wp-block-image size-large post-image\"><img fetchpriority=\"high\" decoding=\"async\" width=\"1024\" height=\"461\" src=\"https:\/\/fundacaofemar.org.br\/portalwordpress\/wp-content\/uploads\/2022\/02\/CI-MB-200-EACF-iluminada-1024x461.jpg\" alt=\"\" class=\"wp-image-9164\" srcset=\"https:\/\/fundacaofemar.org.br\/portalwordpress\/wp-content\/uploads\/2022\/02\/CI-MB-200-EACF-iluminada-1024x461.jpg 1024w, https:\/\/fundacaofemar.org.br\/portalwordpress\/wp-content\/uploads\/2022\/02\/CI-MB-200-EACF-iluminada-300x135.jpg 300w, https:\/\/fundacaofemar.org.br\/portalwordpress\/wp-content\/uploads\/2022\/02\/CI-MB-200-EACF-iluminada-768x346.jpg 768w, https:\/\/fundacaofemar.org.br\/portalwordpress\/wp-content\/uploads\/2022\/02\/CI-MB-200-EACF-iluminada.jpg 1200w\" sizes=\"(max-width: 1024px) 100vw, 1024px\" \/><\/figure>\n\n\n\n<p><strong>N\u00e3o deixe de acompanhar nossas novidades nos links abaixo:<\/strong><\/p>\n\n\n\n<p><a href=\"https:\/\/pt-br.facebook.com\/femar.fundacao\">https:\/\/pt-br.facebook.com\/femar.fundacao<\/a><\/p>\n\n\n\n<p><a href=\"https:\/\/br.linkedin.com\/company\/fundacaofemar\">https:\/\/br.linkedin.com\/company\/fundacaofemar<\/a><\/p>\n\n\n\n<p><a href=\"https:\/\/www.youtube.com\/channel\/UC7_4ePpkhIVxbL5gZFTbRcg\">https:\/\/www.youtube.com\/channel\/UC7_4ePpkhIVxbL5gZFTbRcg<\/a><\/p>\n<\/div>","protected":false},"excerpt":{"rendered":"<p>No momento que a Esta\u00e7\u00e3o Ant\u00e1rtica Comandante Ferraz (EACF) comemora 38 anos de excelentes servi\u00e7os prestados \u00e0 comunidade cient\u00edfica, garantindo os interesses soberanos da sociedade brasileira no Continente Branco, a Funda\u00e7\u00e3o de Estudos do Mar \u2013 FEMAR \u2013 cumprimenta todos aqueles que t\u00eam contribu\u00eddo de sua nobre Miss\u00e3o.<\/p>\n","protected":false},"author":9,"featured_media":9164,"comment_status":"closed","ping_status":"closed","sticky":false,"template":"","format":"standard","meta":{"footnotes":""},"categories":[2],"tags":[],"class_list":["post-9163","post","type-post","status-publish","format-standard","has-post-thumbnail","hentry","category-news"],"rise-blocks_total_comments":0,"rise-blocks_categories":[{"term_id":2,"name":"News","slug":"news","term_group":0,"term_taxonomy_id":2,"taxonomy":"category","description":"","parent":0,"count":363,"filter":"raw","cat_ID":2,"category_count":363,"category_description":"","cat_name":"News","category_nicename":"news","category_parent":0}],"rise-blocks_excerpt":"No momento que a Esta\u00e7\u00e3o Ant\u00e1rtica Comandante Ferraz (EACF) comemora 38 anos de excelentes servi\u00e7os prestados \u00e0 comunidade cient\u00edfica, garantindo os interesses soberanos da sociedade brasileira no Continente Branco, a Funda\u00e7\u00e3o de Estudos do Mar \u2013 FEMAR \u2013 cumprimenta todos aqueles que t\u00eam contribu\u00eddo de sua nobre Miss\u00e3o.","_links":{"self":[{"href":"https:\/\/fundacaofemar.org.br\/portalwordpress\/wp-json\/wp\/v2\/posts\/9163","targetHints":{"allow":["GET"]}}],"collection":[{"href":"https:\/\/fundacaofemar.org.br\/portalwordpress\/wp-json\/wp\/v2\/posts"}],"about":[{"href":"https:\/\/fundacaofemar.org.br\/portalwordpress\/wp-json\/wp\/v2\/types\/post"}],"author":[{"embeddable":true,"href":"https:\/\/fundacaofemar.org.br\/portalwordpress\/wp-json\/wp\/v2\/users\/9"}],"replies":[{"embeddable":true,"href":"https:\/\/fundacaofemar.org.br\/portalwordpress\/wp-json\/wp\/v2\/comments?post=9163"}],"version-history":[{"count":0,"href":"https:\/\/fundacaofemar.org.br\/portalwordpress\/wp-json\/wp\/v2\/posts\/9163\/revisions"}],"wp:featuredmedia":[{"embeddable":true,"href":"https:\/\/fundacaofemar.org.br\/portalwordpress\/wp-json\/wp\/v2\/media\/9164"}],"wp:attachment":[{"href":"https:\/\/fundacaofemar.org.br\/portalwordpress\/wp-json\/wp\/v2\/media?parent=9163"}],"wp:term":[{"taxonomy":"category","embeddable":true,"href":"https:\/\/fundacaofemar.org.br\/portalwordpress\/wp-json\/wp\/v2\/categories?post=9163"},{"taxonomy":"post_tag","embeddable":true,"href":"https:\/\/fundacaofemar.org.br\/portalwordpress\/wp-json\/wp\/v2\/tags?post=9163"}],"curies":[{"name":"wp","href":"https:\/\/api.w.org\/{rel}","templated":true}]}}