{"id":9230,"date":"2022-02-22T09:28:51","date_gmt":"2022-02-22T12:28:51","guid":{"rendered":"https:\/\/fundacaofemar.org.br\/portalwordpress\/?p=9230"},"modified":"2022-02-22T09:28:53","modified_gmt":"2022-02-22T12:28:53","slug":"femar-moderniza-suas-instalacoes-de-ensino","status":"publish","type":"post","link":"https:\/\/fundacaofemar.org.br\/portalwordpress\/2022\/02\/22\/femar-moderniza-suas-instalacoes-de-ensino\/","title":{"rendered":"FEMAR MODERNIZA SUAS INSTALA\u00c7\u00d5ES DE ENSINO"},"content":{"rendered":"<div class=\"post-content\">\n<p>A Funda\u00e7\u00e3o de Estudos do Mar (FEMAR), com o prop\u00f3sito de atender as necessidades dos cursos, professores e alunos, adquiriu uma lousa digital para modernizar suas atividades de Ensino.<\/p>\n\n\n\n<p>A lousa digital funciona a partir de um computador integrado, um quadro sens\u00edvel ao toque e um projetor. O projetor lan\u00e7a o conte\u00fado do computador, garantindo com que o conte\u00fado program\u00e1tico seja exibido numa propor\u00e7\u00e3o adequada, fazendo com que todos os alunos visualizem adequadamente o material.<\/p>\n\n\n\n<p>Com este novo equipamento, o educador poder\u00e1 preparar apresenta\u00e7\u00f5es em diversos programas de computador, navegar na internet durante as aulas, al\u00e9m de utilizar aulas interativas por meio de um teclado virtual. \u00c9 uma nova era! As aulas se tornam mais din\u00e2micas!<\/p>\n\n\n\n<figure class=\"wp-block-image size-large\"><img fetchpriority=\"high\" decoding=\"async\" width=\"1024\" height=\"771\" src=\"https:\/\/fundacaofemar.org.br\/portalwordpress\/wp-content\/uploads\/2022\/02\/Foto-Escolhida-1024x771.jpg\" alt=\"\" class=\"wp-image-9231\" srcset=\"https:\/\/fundacaofemar.org.br\/portalwordpress\/wp-content\/uploads\/2022\/02\/Foto-Escolhida-1024x771.jpg 1024w, https:\/\/fundacaofemar.org.br\/portalwordpress\/wp-content\/uploads\/2022\/02\/Foto-Escolhida-300x226.jpg 300w, https:\/\/fundacaofemar.org.br\/portalwordpress\/wp-content\/uploads\/2022\/02\/Foto-Escolhida-768x578.jpg 768w, https:\/\/fundacaofemar.org.br\/portalwordpress\/wp-content\/uploads\/2022\/02\/Foto-Escolhida.jpg 1057w\" sizes=\"(max-width: 1024px) 100vw, 1024px\" \/><\/figure>\n\n\n\n<p>A lousa digital foi instalada na Sala Professor Miguel Zogahib, que recebeu este nome em homenagem a um dos precursores da Institui\u00e7\u00e3o, tendo sido aluno do 1\u00ba curso desta Funda\u00e7\u00e3o, ainda nas instala\u00e7\u00f5es da Pontif\u00edcia Universidade Cat\u00f3lica (PUC) \u2013 Rio de Janeiro.<\/p>\n\n\n\n<p>O Professor Miguel Zogahib dedicou-se, ao longo de 53 anos, \u00e0s atividades de Ensino da FEMAR.<\/p>\n\n\n\n<p>N\u00e3o deixe de acompanhar nossas novidades nos links abaixo:<\/p>\n\n\n\n<p><a href=\"https:\/\/fundacaofemar.org.br\/portalwordpress\/\" target=\"_blank\" rel=\"noreferrer noopener\">https:\/\/fundacaofemar.org.br\/portalwordpress\/ <\/a><\/p>\n\n\n\n<p><a href=\"https:\/\/pt-br.facebook.com\/femar.fundacao \">https:\/\/pt-br.facebook.com\/femar.fundacao <\/a><\/p>\n\n\n\n<p><a href=\"https:\/\/br.linkedin.com\/company\/fundacaofemar\" target=\"_blank\" rel=\"noreferrer noopener\">https:\/\/br.linkedin.com\/company\/fundacaofemar<\/a><\/p>\n\n\n\n<p><a href=\"https:\/\/www.youtube.com\/channel\/UC7_4ePpkhIVxbL5gZFTbRcg\">https:\/\/www.youtube.com\/channel\/UC7_4ePpkhIVxbL5gZFTbRcg<\/a><\/p>\n<\/div>","protected":false},"excerpt":{"rendered":"<p>A Funda\u00e7\u00e3o de Estudos do Mar (FEMAR), com o prop\u00f3sito de atender as necessidades dos cursos, professores e alunos, adquiriu um<\/p>\n","protected":false},"author":8,"featured_media":0,"comment_status":"closed","ping_status":"closed","sticky":false,"template":"","format":"standard","meta":{"footnotes":""},"categories":[2],"tags":[],"class_list":["post-9230","post","type-post","status-publish","format-standard","hentry","category-news"],"rise-blocks_total_comments":0,"rise-blocks_categories":[{"term_id":2,"name":"News","slug":"news","term_group":0,"term_taxonomy_id":2,"taxonomy":"category","description":"","parent":0,"count":363,"filter":"raw","cat_ID":2,"category_count":363,"category_description":"","cat_name":"News","category_nicename":"news","category_parent":0}],"rise-blocks_excerpt":"A Funda\u00e7\u00e3o de Estudos do Mar (FEMAR), com o prop\u00f3sito de atender as necessidades dos cursos, professores e alunos, adquiriu um","_links":{"self":[{"href":"https:\/\/fundacaofemar.org.br\/portalwordpress\/wp-json\/wp\/v2\/posts\/9230","targetHints":{"allow":["GET"]}}],"collection":[{"href":"https:\/\/fundacaofemar.org.br\/portalwordpress\/wp-json\/wp\/v2\/posts"}],"about":[{"href":"https:\/\/fundacaofemar.org.br\/portalwordpress\/wp-json\/wp\/v2\/types\/post"}],"author":[{"embeddable":true,"href":"https:\/\/fundacaofemar.org.br\/portalwordpress\/wp-json\/wp\/v2\/users\/8"}],"replies":[{"embeddable":true,"href":"https:\/\/fundacaofemar.org.br\/portalwordpress\/wp-json\/wp\/v2\/comments?post=9230"}],"version-history":[{"count":0,"href":"https:\/\/fundacaofemar.org.br\/portalwordpress\/wp-json\/wp\/v2\/posts\/9230\/revisions"}],"wp:attachment":[{"href":"https:\/\/fundacaofemar.org.br\/portalwordpress\/wp-json\/wp\/v2\/media?parent=9230"}],"wp:term":[{"taxonomy":"category","embeddable":true,"href":"https:\/\/fundacaofemar.org.br\/portalwordpress\/wp-json\/wp\/v2\/categories?post=9230"},{"taxonomy":"post_tag","embeddable":true,"href":"https:\/\/fundacaofemar.org.br\/portalwordpress\/wp-json\/wp\/v2\/tags?post=9230"}],"curies":[{"name":"wp","href":"https:\/\/api.w.org\/{rel}","templated":true}]}}