{"id":9241,"date":"2022-02-25T09:33:12","date_gmt":"2022-02-25T12:33:12","guid":{"rendered":"https:\/\/fundacaofemar.org.br\/portalwordpress\/?p=9241"},"modified":"2022-02-25T09:33:15","modified_gmt":"2022-02-25T12:33:15","slug":"quero-ser-um-jovem-aprendiz-da-femar-como-faco","status":"publish","type":"post","link":"https:\/\/fundacaofemar.org.br\/portalwordpress\/2022\/02\/25\/quero-ser-um-jovem-aprendiz-da-femar-como-faco\/","title":{"rendered":"QUERO SER UM JOVEM APRENDIZ DA FEMAR. COMO FA\u00c7O?"},"content":{"rendered":"<div class=\"post-content\">\n<p>A Funda\u00e7\u00e3o de Estudos do Mar \u2013 FEMAR, em parceria com o Servi\u00e7o Nacional de Aprendizagem Comercial (SENAC), desenvolve, anualmente, o Programa Jovem Aprendiz. Depois de um processo seletivo realizado pela Ger\u00eancia de Recursos Humanos (RH) da Funda\u00e7\u00e3o, os jovens s\u00e3o distribu\u00eddos nas Ger\u00eancias e iniciam suas atividades com o prop\u00f3sito de aplicar seus conhecimentos e habilidades nas atividades desenvolvidas pela Institui\u00e7\u00e3o.<\/p>\n\n\n\n<p>O Programa tem a dura\u00e7\u00e3o de 13 ou 14 meses, variando de acordo com o m\u00eas que ingressam. Os jovens t\u00eam aulas te\u00f3ricas no SENAC e pr\u00e1ticas na FEMAR, alternando os dias da semana.<\/p>\n\n\n\n<figure class=\"wp-block-image size-full\"><img fetchpriority=\"high\" decoding=\"async\" width=\"1024\" height=\"1024\" src=\"https:\/\/fundacaofemar.org.br\/portalwordpress\/wp-content\/uploads\/2022\/02\/Jovem-Aprendiz.jpg\" alt=\"\" class=\"wp-image-9242\" srcset=\"https:\/\/fundacaofemar.org.br\/portalwordpress\/wp-content\/uploads\/2022\/02\/Jovem-Aprendiz.jpg 1024w, https:\/\/fundacaofemar.org.br\/portalwordpress\/wp-content\/uploads\/2022\/02\/Jovem-Aprendiz-300x300.jpg 300w, https:\/\/fundacaofemar.org.br\/portalwordpress\/wp-content\/uploads\/2022\/02\/Jovem-Aprendiz-150x150.jpg 150w, https:\/\/fundacaofemar.org.br\/portalwordpress\/wp-content\/uploads\/2022\/02\/Jovem-Aprendiz-768x768.jpg 768w\" sizes=\"(max-width: 1024px) 100vw, 1024px\" \/><figcaption>Gerente de Recursos Humanos da FEMAR, Claudio Sismil, e o Analista de RH, Wagner Medeiros<\/figcaption><\/figure>\n\n\n\n<p>                                                                                          <strong>COMO INGRESSAR<\/strong><\/p>\n\n\n\n<p>Fique semp re atento ao nosso site! Durante 01 (um) m\u00eas, a ser determinado pela Funda\u00e7\u00e3o, a FEMAR disponibiliza neste link em \u201cTrabalhe Conosco\u201d as vagas para os jovens: <a href=\"https:\/\/fundacaofemar.org.br\/portalwordpress\/\" target=\"_blank\" rel=\"noreferrer noopener\">https:\/\/fundacaofemar.org.br\/portalwordpress\/<\/a>. Basta preencher, enviar o curr\u00edculo e aguardar contato caso seja selecionado para a 2\u00aa. etapa!<\/p>\n\n\n\n<p><\/p>\n\n\n\n<p>                                                                <strong>O QUE \u00c9 O PROGRAMA JOVEM APRENDIZ?<\/strong><\/p>\n\n\n\n<p>A Lei de Aprendizagem (Programa Jovem Aprendiz) tem o prop\u00f3sito da forma\u00e7\u00e3o t\u00e9cnico-profissional e da inclus\u00e3o social dos jovens com idade entre 14 e 24 anos, que estejam estudando no ensino fundamental ou m\u00e9dio ou que tenham conclu\u00eddo o Ensino M\u00e9dio, de acordo com a legisla\u00e7\u00e3o. No caso de jovens com defici\u00eancia, os pr\u00e9-requisitos, como idade m\u00e1xima e comprova\u00e7\u00e3o de escolaridade, poder\u00e3o ser flexibilizados.<\/p>\n\n\n\n<p>Mais do que oferecer uma forma\u00e7\u00e3o profissional, o Programa visa o desenvolvimento do jovem como pessoa, sem comprometer seus estudos e, principalmente, combatendo a evas\u00e3o escolar e o trabalho infantil. Beneficia as empresas com a oferta de m\u00e3o de obra qualificada, formando cidad\u00e3os respons\u00e1veis e conscientes. Os jovens aprendizes s\u00e3o preparados para adquirir conhecimento, trabalhar em equipe, com \u00e9tica e responsabilidade.<\/p>\n\n\n\n<p><\/p>\n\n\n\n<p>N\u00e3o deixe de acompanhar nossas novidades nos links abaixo:<\/p>\n\n\n\n<p><a href=\"https:\/\/pt-br.facebook.com\/femar.fundacao \">https:\/\/pt-br.facebook.com\/femar.fundacao <\/a><\/p>\n\n\n\n<p><a href=\"https:\/\/br.linkedin.com\/company\/fundacaofemar\" target=\"_blank\" rel=\"noreferrer noopener\">https:\/\/br.linkedin.com\/company\/fundacaofemar<\/a><\/p>\n\n\n\n<p><a href=\"https:\/\/www.youtube.com\/channel\/UC7_4ePpkhIVxbL5gZFTbRcg\">https:\/\/www.youtube.com\/channel\/UC7_4ePpkhIVxbL5gZFTbRcg<\/a><\/p>\n<\/div>","protected":false},"excerpt":{"rendered":"<p>A Funda\u00e7\u00e3o de Estudos do Mar \u2013 FEMAR, em parceria com o Servi\u00e7o Nacional de Aprendizagem Comercial (SENAC), desenvolve, anualmente, o Programa Jovem Aprendiz. Depois de um processo seletivo realizado pela Ger\u00eancia de Recursos Humanos (RH) da Funda\u00e7\u00e3o, os jovens s\u00e3o distribu\u00eddos nas Ger\u00eancias e iniciam suas atividades com o prop\u00f3sito de aplicar seus conhecimentos e habilidades nas atividades desenvolvidas pela Institui\u00e7\u00e3o.<\/p>\n","protected":false},"author":8,"featured_media":0,"comment_status":"closed","ping_status":"closed","sticky":false,"template":"","format":"standard","meta":{"footnotes":""},"categories":[2],"tags":[],"class_list":["post-9241","post","type-post","status-publish","format-standard","hentry","category-news"],"rise-blocks_total_comments":0,"rise-blocks_categories":[{"term_id":2,"name":"News","slug":"news","term_group":0,"term_taxonomy_id":2,"taxonomy":"category","description":"","parent":0,"count":363,"filter":"raw","cat_ID":2,"category_count":363,"category_description":"","cat_name":"News","category_nicename":"news","category_parent":0}],"rise-blocks_excerpt":"A Funda\u00e7\u00e3o de Estudos do Mar \u2013 FEMAR, em parceria com o Servi\u00e7o Nacional de Aprendizagem Comercial (SENAC), desenvolve, anualmente, o Programa Jovem Aprendiz. Depois de um processo seletivo realizado pela Ger\u00eancia de Recursos Humanos (RH) da Funda\u00e7\u00e3o, os jovens s\u00e3o distribu\u00eddos nas Ger\u00eancias e iniciam suas atividades com o prop\u00f3sito de aplicar seus conhecimentos e habilidades nas atividades desenvolvidas pela Institui\u00e7\u00e3o.","_links":{"self":[{"href":"https:\/\/fundacaofemar.org.br\/portalwordpress\/wp-json\/wp\/v2\/posts\/9241","targetHints":{"allow":["GET"]}}],"collection":[{"href":"https:\/\/fundacaofemar.org.br\/portalwordpress\/wp-json\/wp\/v2\/posts"}],"about":[{"href":"https:\/\/fundacaofemar.org.br\/portalwordpress\/wp-json\/wp\/v2\/types\/post"}],"author":[{"embeddable":true,"href":"https:\/\/fundacaofemar.org.br\/portalwordpress\/wp-json\/wp\/v2\/users\/8"}],"replies":[{"embeddable":true,"href":"https:\/\/fundacaofemar.org.br\/portalwordpress\/wp-json\/wp\/v2\/comments?post=9241"}],"version-history":[{"count":0,"href":"https:\/\/fundacaofemar.org.br\/portalwordpress\/wp-json\/wp\/v2\/posts\/9241\/revisions"}],"wp:attachment":[{"href":"https:\/\/fundacaofemar.org.br\/portalwordpress\/wp-json\/wp\/v2\/media?parent=9241"}],"wp:term":[{"taxonomy":"category","embeddable":true,"href":"https:\/\/fundacaofemar.org.br\/portalwordpress\/wp-json\/wp\/v2\/categories?post=9241"},{"taxonomy":"post_tag","embeddable":true,"href":"https:\/\/fundacaofemar.org.br\/portalwordpress\/wp-json\/wp\/v2\/tags?post=9241"}],"curies":[{"name":"wp","href":"https:\/\/api.w.org\/{rel}","templated":true}]}}