{"id":9298,"date":"2022-03-08T09:22:00","date_gmt":"2022-03-08T12:22:00","guid":{"rendered":"https:\/\/fundacaofemar.org.br\/portalwordpress\/?p=9298"},"modified":"2022-03-08T09:22:03","modified_gmt":"2022-03-08T12:22:03","slug":"femar-encerra-aulas-teste-para-credenciamento-do-curso-apaq-ctr","status":"publish","type":"post","link":"https:\/\/fundacaofemar.org.br\/portalwordpress\/2022\/03\/08\/femar-encerra-aulas-teste-para-credenciamento-do-curso-apaq-ctr\/","title":{"rendered":"FEMAR ENCERRA AULAS TESTE PARA CREDENCIAMENTO DO CURSO APAQ CTR"},"content":{"rendered":"<div class=\"post-content\">\n<p>No \u00faltimo dia 23 de fevereiro, a Superintend\u00eancia de Ensino da Funda\u00e7\u00e3o de Estudos do Mar \u2013 FEMAR, encerrou o primeiro ciclo de aulas teste junto \u00e0 Diretoria de Portos e Costas (DPC), visando o credenciamento no Curso de Aperfei\u00e7oamento para Contramestre \u2013 B\u00e1sico (APAQ CTR) \u2013 Modular.<\/p>\n\n\n\n<p>Esse curso \u00e9 parte integrante do Programa do Ensino Profissional Mar\u00edtimo para Aquavi\u00e1rios e destina-se ao preparo profissional da categoria de Marinheiro de Conv\u00e9s (MNC), n\u00edvel de habilita\u00e7\u00e3o 4, para ascender \u00e0 categoria de Contramestre (CTR) do 1\u00ba Grupo-Mar\u00edtimos, Se\u00e7\u00e3o de Conv\u00e9s, n\u00edvel de habilita\u00e7\u00e3o 5, conforme o perfil exigido pela \u00faltima emenda da Conven\u00e7\u00e3o Internacional sobre Padr\u00f5es de Instru\u00e7\u00e3o, Certifica\u00e7\u00e3o e Servi\u00e7o de Quarto para Mar\u00edtimos (STCW78), e as Normas da Autoridade Mar\u00edtima para Aquavi\u00e1rios (NORMAM-13\/DPC).<\/p>\n\n\n\n<figure class=\"wp-block-gallery has-nested-images columns-default is-cropped wp-block-gallery-1 is-layout-flex wp-block-gallery-is-layout-flex\">\n<figure class=\"wp-block-image size-full\"><img fetchpriority=\"high\" decoding=\"async\" width=\"796\" height=\"447\" data-id=\"9299\" src=\"https:\/\/fundacaofemar.org.br\/portalwordpress\/wp-content\/uploads\/2022\/03\/APAQ-CTR-3-6.jpg\" alt=\"\" class=\"wp-image-9299\" srcset=\"https:\/\/fundacaofemar.org.br\/portalwordpress\/wp-content\/uploads\/2022\/03\/APAQ-CTR-3-6.jpg 796w, https:\/\/fundacaofemar.org.br\/portalwordpress\/wp-content\/uploads\/2022\/03\/APAQ-CTR-3-6-300x168.jpg 300w, https:\/\/fundacaofemar.org.br\/portalwordpress\/wp-content\/uploads\/2022\/03\/APAQ-CTR-3-6-768x431.jpg 768w\" sizes=\"(max-width: 796px) 100vw, 796px\" \/><\/figure>\n\n\n\n<figure class=\"wp-block-image size-full\"><img decoding=\"async\" width=\"812\" height=\"457\" data-id=\"9300\" src=\"https:\/\/fundacaofemar.org.br\/portalwordpress\/wp-content\/uploads\/2022\/03\/APAQ-CTR-4-3.jpg\" alt=\"\" class=\"wp-image-9300\" srcset=\"https:\/\/fundacaofemar.org.br\/portalwordpress\/wp-content\/uploads\/2022\/03\/APAQ-CTR-4-3.jpg 812w, https:\/\/fundacaofemar.org.br\/portalwordpress\/wp-content\/uploads\/2022\/03\/APAQ-CTR-4-3-300x169.jpg 300w, https:\/\/fundacaofemar.org.br\/portalwordpress\/wp-content\/uploads\/2022\/03\/APAQ-CTR-4-3-768x432.jpg 768w\" sizes=\"(max-width: 812px) 100vw, 812px\" \/><\/figure>\n<\/figure>\n\n\n\n<p>Sendo aprovado no curso, o aluno estar\u00e1 devidamente qualificado com as compet\u00eancias exigidas para desempenhar as fun\u00e7\u00f5es de:<\/p>\n\n\n\n<p>&#8211; Comandante de embarca\u00e7\u00f5es de AB menor ou igual a 750 e Imediato de embarca\u00e7\u00f5es de AB menor ou igual a 1.600 empregadas na navega\u00e7\u00e3o interior, exceto fluvial, conforme limites estabelecidos nas Normas e Procedimentos da Capitania dos Portos (NPCP); e<\/p>\n\n\n\n<p>&#8211; Subalterno de Quarto de Navega\u00e7\u00e3o e Encarregado do Servi\u00e7o Geral de Conv\u00e9s em embarca\u00e7\u00f5es de qualquer AB, empregadas na navega\u00e7\u00e3o em mar aberto e na navega\u00e7\u00e3o interior, exceto fluvial, conforme limites estabelecidos nas NPCP.<\/p>\n\n\n\n<p>&#8211; Subalterno de Quarto de Navega\u00e7\u00e3o e Encarregado do Servi\u00e7o Geral de Conv\u00e9s em embarca\u00e7\u00f5es de qualquer AB, empregadas na navega\u00e7\u00e3o em mar aberto e na navega\u00e7\u00e3o interior, exceto fluvial, conforme limites estabelecidos nas NPCP.<\/p>\n\n\n\n<figure class=\"wp-block-gallery has-nested-images columns-default is-cropped wp-block-gallery-2 is-layout-flex wp-block-gallery-is-layout-flex\">\n<figure class=\"wp-block-image size-full\"><img decoding=\"async\" width=\"701\" height=\"722\" data-id=\"9309\" src=\"https:\/\/fundacaofemar.org.br\/portalwordpress\/wp-content\/uploads\/2022\/03\/APAQ-CTR-1\u00b2.jpg\" alt=\"\" class=\"wp-image-9309\" srcset=\"https:\/\/fundacaofemar.org.br\/portalwordpress\/wp-content\/uploads\/2022\/03\/APAQ-CTR-1\u00b2.jpg 701w, https:\/\/fundacaofemar.org.br\/portalwordpress\/wp-content\/uploads\/2022\/03\/APAQ-CTR-1\u00b2-291x300.jpg 291w\" sizes=\"(max-width: 701px) 100vw, 701px\" \/><\/figure>\n\n\n\n<figure class=\"wp-block-image size-full\"><img loading=\"lazy\" decoding=\"async\" width=\"561\" height=\"486\" data-id=\"9313\" src=\"https:\/\/fundacaofemar.org.br\/portalwordpress\/wp-content\/uploads\/2022\/03\/APAQ-CTR-2\u00b3.jpg\" alt=\"\" class=\"wp-image-9313\" srcset=\"https:\/\/fundacaofemar.org.br\/portalwordpress\/wp-content\/uploads\/2022\/03\/APAQ-CTR-2\u00b3.jpg 561w, https:\/\/fundacaofemar.org.br\/portalwordpress\/wp-content\/uploads\/2022\/03\/APAQ-CTR-2\u00b3-300x260.jpg 300w\" sizes=\"(max-width: 561px) 100vw, 561px\" \/><\/figure>\n<\/figure>\n\n\n\n<p>Ao todo, a Diretoria de Portos e Costas (DPC) assistiu a e avaliou 17 aulas entre te\u00f3ricas e pr\u00e1ticas. Dentre as aulas vistoriadas, as te\u00f3ricas foram ministradas por meio da plataforma Microsoft Teams, j\u00e1 as pr\u00e1ticas na sede da FEMAR, nos simuladores e no p\u00e1tio do Instituto de Ci\u00eancias N\u00e1uticas (ICN), em Maric\u00e1.<\/p>\n\n\n\n<p>N\u00e3o deixe de acompanhar nossas novidades nos links abaixo:<\/p>\n\n\n\n<p><a href=\"https:\/\/pt-br.facebook.com\/femar.fundacao \">https:\/\/pt-br.facebook.com\/femar.fundacao <\/a><\/p>\n\n\n\n<p><a href=\"https:\/\/br.linkedin.com\/company\/fundacaofemar\" target=\"_blank\" rel=\"noreferrer noopener\">https:\/\/br.linkedin.com\/company\/fundacaofemar<\/a><\/p>\n\n\n\n<p><a href=\"https:\/\/www.youtube.com\/channel\/UC7_4ePpkhIVxbL5gZFTbRcg\">https:\/\/www.youtube.com\/channel\/UC7_4ePpkhIVxbL5gZFTbRcg<\/a><\/p>\n<\/div>","protected":false},"excerpt":{"rendered":"<p>No \u00faltimo dia 23 de fevereiro, a Superintend\u00eancia de Ensino da Funda\u00e7\u00e3o de Estudos do Mar \u2013 FEMAR, encerrou o primeiro ciclo de aulas teste junto \u00e0 Diretoria de Portos e Costas (DPC), visando o credenciamento no Curso de Aperfei\u00e7oamento para Contramestre \u2013 B\u00e1sico (APAQ CTR) \u2013 Modular.<\/p>\n","protected":false},"author":8,"featured_media":0,"comment_status":"closed","ping_status":"closed","sticky":false,"template":"","format":"standard","meta":{"footnotes":""},"categories":[2],"tags":[],"class_list":["post-9298","post","type-post","status-publish","format-standard","hentry","category-news"],"rise-blocks_total_comments":0,"rise-blocks_categories":[{"term_id":2,"name":"News","slug":"news","term_group":0,"term_taxonomy_id":2,"taxonomy":"category","description":"","parent":0,"count":363,"filter":"raw","cat_ID":2,"category_count":363,"category_description":"","cat_name":"News","category_nicename":"news","category_parent":0}],"rise-blocks_excerpt":"No \u00faltimo dia 23 de fevereiro, a Superintend\u00eancia de Ensino da Funda\u00e7\u00e3o de Estudos do Mar \u2013 FEMAR, encerrou o primeiro ciclo de aulas teste junto \u00e0 Diretoria de Portos e Costas (DPC), visando o credenciamento no Curso de Aperfei\u00e7oamento para Contramestre \u2013 B\u00e1sico (APAQ CTR) \u2013 Modular.","_links":{"self":[{"href":"https:\/\/fundacaofemar.org.br\/portalwordpress\/wp-json\/wp\/v2\/posts\/9298","targetHints":{"allow":["GET"]}}],"collection":[{"href":"https:\/\/fundacaofemar.org.br\/portalwordpress\/wp-json\/wp\/v2\/posts"}],"about":[{"href":"https:\/\/fundacaofemar.org.br\/portalwordpress\/wp-json\/wp\/v2\/types\/post"}],"author":[{"embeddable":true,"href":"https:\/\/fundacaofemar.org.br\/portalwordpress\/wp-json\/wp\/v2\/users\/8"}],"replies":[{"embeddable":true,"href":"https:\/\/fundacaofemar.org.br\/portalwordpress\/wp-json\/wp\/v2\/comments?post=9298"}],"version-history":[{"count":0,"href":"https:\/\/fundacaofemar.org.br\/portalwordpress\/wp-json\/wp\/v2\/posts\/9298\/revisions"}],"wp:attachment":[{"href":"https:\/\/fundacaofemar.org.br\/portalwordpress\/wp-json\/wp\/v2\/media?parent=9298"}],"wp:term":[{"taxonomy":"category","embeddable":true,"href":"https:\/\/fundacaofemar.org.br\/portalwordpress\/wp-json\/wp\/v2\/categories?post=9298"},{"taxonomy":"post_tag","embeddable":true,"href":"https:\/\/fundacaofemar.org.br\/portalwordpress\/wp-json\/wp\/v2\/tags?post=9298"}],"curies":[{"name":"wp","href":"https:\/\/api.w.org\/{rel}","templated":true}]}}