{"id":9632,"date":"2022-04-23T10:41:00","date_gmt":"2022-04-23T13:41:00","guid":{"rendered":"https:\/\/fundacaofemar.org.br\/portalwordpress\/?p=9632"},"modified":"2022-06-15T18:58:13","modified_gmt":"2022-06-15T21:58:13","slug":"23-04-dia-mundial-do-livro-e-dos-direitos-de-autor","status":"publish","type":"post","link":"https:\/\/fundacaofemar.org.br\/portalwordpress\/2022\/04\/23\/23-04-dia-mundial-do-livro-e-dos-direitos-de-autor\/","title":{"rendered":"23\/04 \u2013 DIA MUNDIAL DO LIVRO E DOS DIREITOS DE AUTOR"},"content":{"rendered":"<div class=\"post-content\">\n<p>O Dia Mundial do Livro e dos Direitos de Autor \u00e9 comemorado todos os anos em 23 de abril. A data foi escolhida pela Unesco (Organiza\u00e7\u00e3o das Na\u00e7\u00f5es Unidas para a Educa\u00e7\u00e3o, a Ci\u00eancia e a Cultura), em 1995, em Paris, em sua XXVIII Confer\u00eancia Geral.<\/p>\n\n\n\n<p>Al\u00e9m de homenagear v\u00e1rias obras liter\u00e1rias e seus autores, a Unesco criou a data para encorajar as pessoas, especialmente os jovens, a descobrirem os prazeres da leitura e conhecerem a enorme contribui\u00e7\u00e3o dos autores de livros atrav\u00e9s dos s\u00e9culos.<\/p>\n\n\n\n<p>No dia 23 de abril, escolas, bibliotecas e editoras t\u00eam a oportunidade de reverenciar os livros por meio da divulga\u00e7\u00e3o de obras liter\u00e1rias ou n\u00e3o, seus autores, celebrando a escrita, a leitura, a tradu\u00e7\u00e3o, a publica\u00e7\u00e3o e a liberdade de express\u00e3o. Homenageia leitores, tradutores, editores, enfim, todos aqueles envolvidos com o livro, seja na sua produ\u00e7\u00e3o, seja na sua recep\u00e7\u00e3o (leitura). \u00c9 tamb\u00e9m a oportunidade de celebrar o autor, n\u00e3o apenas como artista, mas como detentor de direitos legais sobre suas obras.<\/p>\n\n\n\n<figure class=\"wp-block-image size-full post-image\"><img fetchpriority=\"high\" decoding=\"async\" width=\"620\" height=\"412\" src=\"https:\/\/fundacaofemar.org.br\/portalwordpress\/wp-content\/uploads\/2022\/04\/LIVRO.jpg\" alt=\"\" class=\"wp-image-9633\" srcset=\"https:\/\/fundacaofemar.org.br\/portalwordpress\/wp-content\/uploads\/2022\/04\/LIVRO.jpg 620w, https:\/\/fundacaofemar.org.br\/portalwordpress\/wp-content\/uploads\/2022\/04\/LIVRO-300x199.jpg 300w\" sizes=\"(max-width: 620px) 100vw, 620px\" \/><\/figure>\n\n\n\n<p>O livro \u00e9 o principal respons\u00e1vel por disseminar o conhecimento e, assim, permitir que as pessoas cres\u00e7am intelectualmente seja digital ou em papel. O livro \u00e9 um s\u00edmbolo cultural.<\/p>\n\n\n\n<p>N\u00e3o deixe de acompanhar nossas novidades nos links abaixo:<\/p>\n\n\n\n<p><a href=\"https:\/\/fundacaofemar.org.br\/portalwordpress\/\">https:\/\/fundacaofemar.org.br\/portalwordpress\/<\/a><\/p>\n\n\n\n<p><a href=\"https:\/\/pt-br.facebook.com\/femar.fundacao \">https:\/\/pt-br.facebook.com\/femar.fundacao <\/a><\/p>\n\n\n\n<p><a href=\"https:\/\/br.linkedin.com\/company\/fundacaofemar\" target=\"_blank\" rel=\"noreferrer noopener\">https:\/\/br.linkedin.com\/company\/fundacaofemar<\/a><\/p>\n\n\n\n<p><a href=\"https:\/\/www.youtube.com\/channel\/UC7_4ePpkhIVxbL5gZFTbRcg\">https:\/\/www.youtube.com\/channel\/UC7_4ePpkhIVxbL5gZFTbRcg<\/a><\/p>\n<\/div>","protected":false},"excerpt":{"rendered":"<p>O Dia Mundial do Livro e dos Direitos de Autor \u00e9 comemorado todos os anos em 23 de abril. A data foi escolhida pela Unesco (Organiza\u00e7\u00e3o das Na\u00e7\u00f5es Unidas para a Educa\u00e7\u00e3o, a Ci\u00eancia e a Cultura), em 1995, em Paris, em sua XXVIII Confer\u00eancia Geral.<\/p>\n","protected":false},"author":8,"featured_media":0,"comment_status":"closed","ping_status":"closed","sticky":false,"template":"","format":"standard","meta":{"footnotes":""},"categories":[2],"tags":[],"class_list":["post-9632","post","type-post","status-publish","format-standard","hentry","category-news"],"rise-blocks_total_comments":0,"rise-blocks_categories":[{"term_id":2,"name":"News","slug":"news","term_group":0,"term_taxonomy_id":2,"taxonomy":"category","description":"","parent":0,"count":363,"filter":"raw","cat_ID":2,"category_count":363,"category_description":"","cat_name":"News","category_nicename":"news","category_parent":0}],"rise-blocks_excerpt":"O Dia Mundial do Livro e dos Direitos de Autor \u00e9 comemorado todos os anos em 23 de abril. A data foi escolhida pela Unesco (Organiza\u00e7\u00e3o das Na\u00e7\u00f5es Unidas para a Educa\u00e7\u00e3o, a Ci\u00eancia e a Cultura), em 1995, em Paris, em sua XXVIII Confer\u00eancia Geral.","_links":{"self":[{"href":"https:\/\/fundacaofemar.org.br\/portalwordpress\/wp-json\/wp\/v2\/posts\/9632","targetHints":{"allow":["GET"]}}],"collection":[{"href":"https:\/\/fundacaofemar.org.br\/portalwordpress\/wp-json\/wp\/v2\/posts"}],"about":[{"href":"https:\/\/fundacaofemar.org.br\/portalwordpress\/wp-json\/wp\/v2\/types\/post"}],"author":[{"embeddable":true,"href":"https:\/\/fundacaofemar.org.br\/portalwordpress\/wp-json\/wp\/v2\/users\/8"}],"replies":[{"embeddable":true,"href":"https:\/\/fundacaofemar.org.br\/portalwordpress\/wp-json\/wp\/v2\/comments?post=9632"}],"version-history":[{"count":0,"href":"https:\/\/fundacaofemar.org.br\/portalwordpress\/wp-json\/wp\/v2\/posts\/9632\/revisions"}],"wp:attachment":[{"href":"https:\/\/fundacaofemar.org.br\/portalwordpress\/wp-json\/wp\/v2\/media?parent=9632"}],"wp:term":[{"taxonomy":"category","embeddable":true,"href":"https:\/\/fundacaofemar.org.br\/portalwordpress\/wp-json\/wp\/v2\/categories?post=9632"},{"taxonomy":"post_tag","embeddable":true,"href":"https:\/\/fundacaofemar.org.br\/portalwordpress\/wp-json\/wp\/v2\/tags?post=9632"}],"curies":[{"name":"wp","href":"https:\/\/api.w.org\/{rel}","templated":true}]}}