{"id":9695,"date":"2022-04-26T09:22:55","date_gmt":"2022-04-26T12:22:55","guid":{"rendered":"https:\/\/fundacaofemar.org.br\/portalwordpress\/?p=9695"},"modified":"2022-04-26T09:22:57","modified_gmt":"2022-04-26T12:22:57","slug":"conclusao-do-curso-da-turma-i-2022-caaq-ct-s","status":"publish","type":"post","link":"https:\/\/fundacaofemar.org.br\/portalwordpress\/2022\/04\/26\/conclusao-do-curso-da-turma-i-2022-caaq-ct-s\/","title":{"rendered":"CONCLUS\u00c3O DO CURSO DA TURMA I\/2022 &#8211; CAAQ CT\/S"},"content":{"rendered":"<div class=\"post-content\">\n<p>Em 19 de abril, a Funda\u00e7\u00e3o de Estudos do Mar &#8211; FEMAR concluiu o Curso de Adapta\u00e7\u00e3o para Aquavi\u00e1rios \u2013 Cozinheiro, Taifeiro, Enfermeiro e Auxiliar de Sa\u00fade (CAAQ CT\/S). A Turma I\/2022, formada por 30 alunos indicados pela Secretaria de Assist\u00eancia Social e Direitos Humanos do Munic\u00edpio de Duque de Caxias, iniciou os estudos em 07 de mar\u00e7o.<\/p>\n\n\n\n<div class=\"wp-block-image\"><figure class=\"aligncenter size-large\"><img fetchpriority=\"high\" decoding=\"async\" width=\"1024\" height=\"637\" src=\"https:\/\/fundacaofemar.org.br\/portalwordpress\/wp-content\/uploads\/2022\/04\/PARA-PLACA-1024x637.jpg\" alt=\"\" class=\"wp-image-9697\" srcset=\"https:\/\/fundacaofemar.org.br\/portalwordpress\/wp-content\/uploads\/2022\/04\/PARA-PLACA-1024x637.jpg 1024w, https:\/\/fundacaofemar.org.br\/portalwordpress\/wp-content\/uploads\/2022\/04\/PARA-PLACA-300x187.jpg 300w, https:\/\/fundacaofemar.org.br\/portalwordpress\/wp-content\/uploads\/2022\/04\/PARA-PLACA-768x478.jpg 768w, https:\/\/fundacaofemar.org.br\/portalwordpress\/wp-content\/uploads\/2022\/04\/PARA-PLACA-1536x955.jpg 1536w, https:\/\/fundacaofemar.org.br\/portalwordpress\/wp-content\/uploads\/2022\/04\/PARA-PLACA.jpg 1545w\" sizes=\"(max-width: 1024px) 100vw, 1024px\" \/><\/figure><\/div>\n\n\n\n<p>A ocasi\u00e3o contou com a presen\u00e7a do Secret\u00e1rio Municipal, Sr. Marcus Vin\u00edcius de Morais Guimar\u00e3es, que proferiu algumas palavras enfatizando a import\u00e2ncia da educa\u00e7\u00e3o para o crescimento pessoal desses jovens e sua contribui\u00e7\u00e3o para o desenvolvimento do pa\u00eds.<\/p>\n\n\n\n<div class=\"wp-block-image\"><figure class=\"aligncenter size-large\"><img decoding=\"async\" width=\"1024\" height=\"768\" src=\"https:\/\/fundacaofemar.org.br\/portalwordpress\/wp-content\/uploads\/2022\/04\/IMG-20220425-WA0008-1024x768.jpg\" alt=\"\" class=\"wp-image-9698\" srcset=\"https:\/\/fundacaofemar.org.br\/portalwordpress\/wp-content\/uploads\/2022\/04\/IMG-20220425-WA0008-1024x768.jpg 1024w, https:\/\/fundacaofemar.org.br\/portalwordpress\/wp-content\/uploads\/2022\/04\/IMG-20220425-WA0008-300x225.jpg 300w, https:\/\/fundacaofemar.org.br\/portalwordpress\/wp-content\/uploads\/2022\/04\/IMG-20220425-WA0008-768x576.jpg 768w, https:\/\/fundacaofemar.org.br\/portalwordpress\/wp-content\/uploads\/2022\/04\/IMG-20220425-WA0008-1536x1152.jpg 1536w, https:\/\/fundacaofemar.org.br\/portalwordpress\/wp-content\/uploads\/2022\/04\/IMG-20220425-WA0008.jpg 1600w\" sizes=\"(max-width: 1024px) 100vw, 1024px\" \/><\/figure><\/div>\n\n\n\n<p>Os alunos concluintes receber\u00e3o do Centro de Instru\u00e7\u00e3o Almirante Gra\u00e7a Aranha \u2013 CIAGA, o Certificado de Profici\u00eancia atestando estarem devidamente qualificados com as compet\u00eancias definidas na Conven\u00e7\u00e3o STCW-78, habilitando-os a executarem as atividades nos Navios da Marinha Mercante.<\/p>\n\n\n\n<p>O Curso de Adapta\u00e7\u00e3o para Aquavi\u00e1rios destina-se a complementar a forma\u00e7\u00e3o de profissionais, com qualifica\u00e7\u00f5es compat\u00edveis para o ingresso na Marinha Mercante como Tripulantes, no n\u00edvel de apoio, em embarca\u00e7\u00f5es com qualquer arquea\u00e7\u00e3o bruta empregadas na navega\u00e7\u00e3o em mar aberto, costeira ou interior, de acordo com os padr\u00f5es nacionais e internacionais sobre seguran\u00e7a relativos \u00e0 fun\u00e7\u00e3o de controle da opera\u00e7\u00e3o da embarca\u00e7\u00e3o e cuidados com as pessoas a bordo.<\/p>\n\n\n\n<div class=\"wp-block-image\"><figure class=\"aligncenter size-large\"><img decoding=\"async\" width=\"1024\" height=\"768\" src=\"https:\/\/fundacaofemar.org.br\/portalwordpress\/wp-content\/uploads\/2022\/04\/IMG_20220401_154929-1024x768.jpg\" alt=\"\" class=\"wp-image-9699\" srcset=\"https:\/\/fundacaofemar.org.br\/portalwordpress\/wp-content\/uploads\/2022\/04\/IMG_20220401_154929-1024x768.jpg 1024w, https:\/\/fundacaofemar.org.br\/portalwordpress\/wp-content\/uploads\/2022\/04\/IMG_20220401_154929-300x225.jpg 300w, https:\/\/fundacaofemar.org.br\/portalwordpress\/wp-content\/uploads\/2022\/04\/IMG_20220401_154929-768x576.jpg 768w, https:\/\/fundacaofemar.org.br\/portalwordpress\/wp-content\/uploads\/2022\/04\/IMG_20220401_154929-1536x1152.jpg 1536w, https:\/\/fundacaofemar.org.br\/portalwordpress\/wp-content\/uploads\/2022\/04\/IMG_20220401_154929.jpg 2000w\" sizes=\"(max-width: 1024px) 100vw, 1024px\" \/><\/figure><\/div>\n\n\n\n<p>Se voc\u00ea est\u00e1 pensando em ingressar na carreira de Aquavi\u00e1rio, para melhor entendimento de todo o processo, leia as Normas da Autoridade Mar\u00edtima para a Carreira de Aquavi\u00e1rios, conforme previsto na NORMAM-13\/DPC, disposta no link abaixo:                                                                                           <a href=\"https:\/\/www.marinha.mil.br\/dpc\/sites\/www.marinha.mil.br.dpc\/files\/NORMAM-13%20REV1%20MOD1%20VERS%C3%83O%20FINAL%20DPC-13%2012-11-2021a.pdf?fbclid=IwAR0QqeN7CcYwH5tJXYRFb__73xwK4lSBhXmEXUNPBVMwbees1CxDUc48owM\" target=\"_blank\" rel=\"noreferrer noopener\">https:\/\/www.marinha.mil.br\/dpc\/sites\/www.marinha.mil.br.dpc\/files\/NORMAM-13%20REV1%20MOD1%20VERS%C3%83O%20FINAL%20DPC-13%2012-11-2021a.pdf?fbclid=IwAR0QqeN7CcYwH5tJXYRFb__73xwK4lSBhXmEXUNPBVMwbees1CxDUc48owM<\/a><\/p>\n\n\n\n<p>Para mais esclarecimentos, a Equipe FEMAR coloca-se \u00e0 disposi\u00e7\u00e3o pelo e-mail: <a href=\"mailto:fu******@***************rg.br\" data-original-string=\"9+dwuWptVaM9lLUSrIa9fQ==9dcbY3jO+6Exs7Uwpg8pgQBQkA3CxnuUaTurbwk59mbdNs=\" title=\"This contact has been encoded by Anti-Spam by CleanTalk. Click to decode. To finish the decoding make sure that JavaScript is enabled in your browser.\"><span \n                data-original-string='y99z0ZqHm6zFGgHiBGHgCw==9dc1C\/V6Vw8bdEajnQQe8fxOu4069F2gkdaPB3VURH9k3s='\n                class='apbct-email-encoder'\n                title='This contact has been encoded by Anti-Spam by CleanTalk. Click to decode. To finish the decoding make sure that JavaScript is enabled in your browser.'>fu<span class=\"apbct-blur\">******<\/span>@<span class=\"apbct-blur\">***************<\/span>rg.br<\/span><\/a>.<\/p>\n\n\n\n<figure class=\"wp-block-gallery has-nested-images columns-default is-cropped wp-block-gallery-1 is-layout-flex wp-block-gallery-is-layout-flex\">\n<figure class=\"wp-block-image size-large\"><img loading=\"lazy\" decoding=\"async\" width=\"1024\" height=\"516\" data-id=\"9700\" src=\"https:\/\/fundacaofemar.org.br\/portalwordpress\/wp-content\/uploads\/2022\/04\/IMG_20220418_115020-1024x516.jpg\" alt=\"\" class=\"wp-image-9700\" srcset=\"https:\/\/fundacaofemar.org.br\/portalwordpress\/wp-content\/uploads\/2022\/04\/IMG_20220418_115020-1024x516.jpg 1024w, https:\/\/fundacaofemar.org.br\/portalwordpress\/wp-content\/uploads\/2022\/04\/IMG_20220418_115020-300x151.jpg 300w, https:\/\/fundacaofemar.org.br\/portalwordpress\/wp-content\/uploads\/2022\/04\/IMG_20220418_115020-768x387.jpg 768w, https:\/\/fundacaofemar.org.br\/portalwordpress\/wp-content\/uploads\/2022\/04\/IMG_20220418_115020-1536x774.jpg 1536w, https:\/\/fundacaofemar.org.br\/portalwordpress\/wp-content\/uploads\/2022\/04\/IMG_20220418_115020-2048x1032.jpg 2048w\" sizes=\"(max-width: 1024px) 100vw, 1024px\" \/><\/figure>\n<\/figure>\n\n\n\n<p class=\"has-text-align-center\"><em>A Funda\u00e7\u00e3o deseja uma trajet\u00f3ria profissional repleta de novas conquistas e mares tranquilos!<\/em><\/p>\n\n\n\n<h2 class=\"has-text-align-center wp-block-heading\"><strong><mark style=\"background-color:rgba(0, 0, 0, 0)\" class=\"has-inline-color has-vivid-cyan-blue-color\">N\u00e3o deixe de acompanhar nossas novidades nos links abaixo:<\/mark><\/strong><\/h2>\n\n\n\n<p><a href=\"https:\/\/fundacaofemar.org.br\/portalwordpress\/\">https:\/\/fundacaofemar.org.br\/portalwordpress\/<\/a><\/p>\n\n\n\n<p><a href=\"https:\/\/pt-br.facebook.com\/femar.fundacao \">https:\/\/pt-br.facebook.com\/femar.fundacao <\/a><\/p>\n\n\n\n<p><a href=\"https:\/\/br.linkedin.com\/company\/fundacaofemar\" target=\"_blank\" rel=\"noreferrer noopener\">https:\/\/br.linkedin.com\/company\/fundacaofemar<\/a><\/p>\n\n\n\n<p><a href=\"https:\/\/www.youtube.com\/channel\/UC7_4ePpkhIVxbL5gZFTbRcg\">https:\/\/www.youtube.com\/channel\/UC7_4ePpkhIVxbL5gZFTbRcg<\/a><\/p>\n<\/div>","protected":false},"excerpt":{"rendered":"<p>Em 19 de abril, a Funda\u00e7\u00e3o de Estudos do Mar &#8211; FEMAR concluiu o Curso de Adapta\u00e7\u00e3o para Aquavi\u00e1rios \u2013 Cozinheiro, Taifeiro, Enfermeiro e Auxiliar de Sa\u00fade (CAAQ CT\/S). A Turma I\/2022, formada por 30 alunos indicados pela Secretaria de Assist\u00eancia Social e Direitos Humanos do Munic\u00edpio de Duque de Caxias, iniciou os estudos em 07 de mar\u00e7o.<\/p>\n","protected":false},"author":8,"featured_media":0,"comment_status":"closed","ping_status":"closed","sticky":false,"template":"","format":"standard","meta":{"footnotes":""},"categories":[2],"tags":[],"class_list":["post-9695","post","type-post","status-publish","format-standard","hentry","category-news"],"rise-blocks_total_comments":0,"rise-blocks_categories":[{"term_id":2,"name":"News","slug":"news","term_group":0,"term_taxonomy_id":2,"taxonomy":"category","description":"","parent":0,"count":363,"filter":"raw","cat_ID":2,"category_count":363,"category_description":"","cat_name":"News","category_nicename":"news","category_parent":0}],"rise-blocks_excerpt":"Em 19 de abril, a Funda\u00e7\u00e3o de Estudos do Mar - FEMAR concluiu o Curso de Adapta\u00e7\u00e3o para Aquavi\u00e1rios \u2013 Cozinheiro, Taifeiro, Enfermeiro e Auxiliar de Sa\u00fade (CAAQ CT\/S). A Turma I\/2022, formada por 30 alunos indicados pela Secretaria de Assist\u00eancia Social e Direitos Humanos do Munic\u00edpio de Duque de Caxias, iniciou os estudos em 07 de mar\u00e7o.","_links":{"self":[{"href":"https:\/\/fundacaofemar.org.br\/portalwordpress\/wp-json\/wp\/v2\/posts\/9695","targetHints":{"allow":["GET"]}}],"collection":[{"href":"https:\/\/fundacaofemar.org.br\/portalwordpress\/wp-json\/wp\/v2\/posts"}],"about":[{"href":"https:\/\/fundacaofemar.org.br\/portalwordpress\/wp-json\/wp\/v2\/types\/post"}],"author":[{"embeddable":true,"href":"https:\/\/fundacaofemar.org.br\/portalwordpress\/wp-json\/wp\/v2\/users\/8"}],"replies":[{"embeddable":true,"href":"https:\/\/fundacaofemar.org.br\/portalwordpress\/wp-json\/wp\/v2\/comments?post=9695"}],"version-history":[{"count":0,"href":"https:\/\/fundacaofemar.org.br\/portalwordpress\/wp-json\/wp\/v2\/posts\/9695\/revisions"}],"wp:attachment":[{"href":"https:\/\/fundacaofemar.org.br\/portalwordpress\/wp-json\/wp\/v2\/media?parent=9695"}],"wp:term":[{"taxonomy":"category","embeddable":true,"href":"https:\/\/fundacaofemar.org.br\/portalwordpress\/wp-json\/wp\/v2\/categories?post=9695"},{"taxonomy":"post_tag","embeddable":true,"href":"https:\/\/fundacaofemar.org.br\/portalwordpress\/wp-json\/wp\/v2\/tags?post=9695"}],"curies":[{"name":"wp","href":"https:\/\/api.w.org\/{rel}","templated":true}]}}