{"id":9946,"date":"2022-06-01T05:16:00","date_gmt":"2022-06-01T08:16:00","guid":{"rendered":"https:\/\/fundacaofemar.org.br\/portalwordpress\/?p=9946"},"modified":"2025-11-26T12:18:34","modified_gmt":"2025-11-26T15:18:34","slug":"curso-de-estrategia-maritima-esmar-2022","status":"publish","type":"post","link":"https:\/\/fundacaofemar.org.br\/portalwordpress\/2022\/06\/01\/curso-de-estrategia-maritima-esmar-2022\/","title":{"rendered":"CURSO DE ESTRAT\u00c9GIA MAR\u00cdTIMA ESMAR 2022"},"content":{"rendered":"<div class=\"post-content\">\n<p><strong>Publicado em 01 de Junho de 2022<\/strong><\/p>\n\n\n<div class=\"wp-block-image post-image\">\n<figure class=\"aligncenter size-large\"><a href=\"https:\/\/www.youtube.com\/channel\/UC7_4ePpkhIVxbL5gZFTbRcg\" target=\"_blank\" rel=\"noopener\"><img fetchpriority=\"high\" decoding=\"async\" width=\"1024\" height=\"683\" src=\"https:\/\/fundacaofemar.org.br\/portalwordpress\/wp-content\/uploads\/2022\/05\/ARTE-ESMAR-2022-aprovada-F-10-1024x683.jpg\" alt=\"\" class=\"wp-image-9947\" srcset=\"https:\/\/fundacaofemar.org.br\/portalwordpress\/wp-content\/uploads\/2022\/05\/ARTE-ESMAR-2022-aprovada-F-10-1024x683.jpg 1024w, https:\/\/fundacaofemar.org.br\/portalwordpress\/wp-content\/uploads\/2022\/05\/ARTE-ESMAR-2022-aprovada-F-10-300x200.jpg 300w, https:\/\/fundacaofemar.org.br\/portalwordpress\/wp-content\/uploads\/2022\/05\/ARTE-ESMAR-2022-aprovada-F-10-768x512.jpg 768w, https:\/\/fundacaofemar.org.br\/portalwordpress\/wp-content\/uploads\/2022\/05\/ARTE-ESMAR-2022-aprovada-F-10.jpg 1500w\" sizes=\"(max-width: 1024px) 100vw, 1024px\" \/><\/a><\/figure><\/div>\n\n\n<p><strong>O CURSO<\/strong><\/p>\n\n\n\n<p>O Curso de Estrat\u00e9gia Mar\u00edtima \u2013 ESMAR promovido pela Funda\u00e7\u00e3o de Estudos do Mar, em parceria com a Escola de Guerra Naval, visa proporcionar aos participantes conhecimentos b\u00e1sicos da Estrat\u00e9gia Mar\u00edtima Nacional, enfatizando os aspectos da Conjuntura Internacional e Nacional, do Poder Mar\u00edtimo e da Estrat\u00e9gia Nacional de Defesa.<\/p>\n\n\n\n<p><strong>P\u00daBLICO ALVO<\/strong><\/p>\n\n\n\n<p>Profissionais graduados ou graduandos, preferencialmente, das \u00e1reas de Direito, Rela\u00e7\u00f5es Internacionais, Com\u00e9rcio Exterior ou \u00e1reas afins, que visam obter ou atualizar conhecimentos sobre Estrat\u00e9gia Mar\u00edtima.<\/p>\n\n\n\n<p><strong>DIRETRIZES DO CURSO<\/strong><\/p>\n\n\n\n<p>a)<strong> <\/strong>O curso ESMAR ser\u00e1 ministrado via plataforma TEAMS, no per\u00edodo de 02 de agosto a 06 de outubro, \u00e0s ter\u00e7as e quintas-feiras, no hor\u00e1rio das 18h00min \u00e0s 21h10min, perfazendo uma carga hor\u00e1ria total de 60 horas.<\/p>\n\n\n\n<p>b) Um certificado de conclus\u00e3o do curso ser\u00e1 concedido ao aluno que frequentar, no m\u00ednimo, 75% da carga hor\u00e1ria e obter conceito satisfat\u00f3rio no trabalho final<\/p>\n\n\n\n<p><strong>TEMAS DAS PALESTRAS<\/strong><\/p>\n\n\n\n<ul class=\"wp-block-list\"><li>O Brasil e a Oceanopol\u00edtica do Atl\u00e2ntico Sul<\/li><li>An\u00e1lise da Geopol\u00edtica Corrente Internacional<\/li><li>O Homem e o Mar: Evolu\u00e7\u00e3o do Poder Mar\u00edtimo at\u00e9 a Primeira Guerra Mundial<\/li><li>O Homem e o Mar: Evolu\u00e7\u00e3o do Poder Mar\u00edtimo desde a Primeira Guerra Mundial At\u00e9 o Tempo Presente<\/li><li>Direito do Mar<\/li><li>Amaz\u00f4nia Azul<\/li><li>Hist\u00f3ria Mar\u00edtima Brasileira<\/li><li>Estrat\u00e9gia Naval Cl\u00e1ssica<\/li><li>Estrat\u00e9gia Naval Contempor\u00e2nea<\/li><li>Planejamento Estrat\u00e9gico de Defesa<\/li><li>Economia do Mar<\/li><li>Ci\u00eancia,Tecnologia, Inova\u00e7\u00e3o e Poder Mar\u00edtimo<\/li><li>Governan\u00e7a Internacional dos Oceanos<\/li><li>Com\u00e9rcio Exterior e os Portos Nacionais<\/li><li>Geopol\u00edtica do Petr\u00f3leo<\/li><li>Hidrovias<\/li><li>Portos<\/li><li>Pesca: Situa\u00e7\u00e3o Atual e Perspectivas do Setor Pesqueiro Brasileiro<\/li><li>A Marinha Mercante do Brasil<\/li><li>Direito Mar\u00edtimo<\/li><li>Explora\u00e7\u00e3o e Aproveitamento Econ\u00f4mico dos Fundos Marinhos<\/li><li>Autoridade Mar\u00edtima Brasileira<\/li><li>24- Ambiente Regulat\u00f3rio da Ind\u00fastria de Shipping<\/li><li>Apresenta\u00e7\u00e3o do Trabalho de Conclus\u00e3o de Curso<\/li><\/ul>\n\n\n\n<p><strong>INSCRI\u00c7\u00c3O<\/strong><\/p>\n\n\n<div class=\"wp-block-image\">\n<figure class=\"aligncenter size-full is-resized\"><img decoding=\"async\" src=\"https:\/\/fundacaofemar.org.br\/portalwordpress\/wp-content\/uploads\/2022\/07\/InscricoesGRSI_1.jpg\" alt=\"\" class=\"wp-image-10838\" width=\"177\" height=\"195\"\/><\/figure><\/div>\n\n\n<figure class=\"wp-block-pullquote\"><blockquote><p><strong><em><mark style=\"background-color:rgba(0, 0, 0, 0)\" class=\"has-inline-color has-black-color\">N\u00e3o deixe de acompanhar nossas novidades nos links abaixo:<\/mark><\/em><\/strong><\/p><cite><em><a href=\"https:\/\/pt-br.facebook.com\/femar.fundacao\" target=\"_blank\" rel=\"noreferrer noopener\">https:\/\/pt-br.facebook.com\/femar.fundacao<\/a><\/em><br><em><a href=\"https:\/\/br.linkedin.com\/company\/fundacaofemar\" target=\"_blank\" rel=\"noreferrer noopener\">https:\/\/br.linkedin.com\/company\/fundacaofemar<\/a><\/em><br><em><a href=\"https:\/\/www.youtube.com\/channel\/UC7_4ePpkhIVxbL5gZFTbRcg\" target=\"_blank\" rel=\"noreferrer noopener\">https:\/\/www.youtube.com\/channel\/UC7_4ePpkhIVxbL5gZFTbRcg<\/a><\/em><\/cite><\/blockquote><\/figure>\n\n\n\n<p class=\"has-text-align-center\"><\/p>\n<\/div>","protected":false},"excerpt":{"rendered":"<p>O Curso de Estrat\u00e9gia Mar\u00edtima \u2013 ESMAR promovido pela Funda\u00e7\u00e3o de Estudos do Mar, em parceria com a Escola de Guerra Naval, visa proporcionar aos participantes conhecimentos b\u00e1sicos da Estrat\u00e9gia Mar\u00edtima Nacional, enfatizando os aspectos da Conjuntura Internacional e Nacional, do Poder Mar\u00edtimo e da Estrat\u00e9gia Nacional de Defesa.<\/p>\n","protected":false},"author":9,"featured_media":0,"comment_status":"closed","ping_status":"closed","sticky":false,"template":"","format":"standard","meta":{"footnotes":""},"categories":[2],"tags":[],"class_list":["post-9946","post","type-post","status-publish","format-standard","hentry","category-news"],"rise-blocks_total_comments":0,"rise-blocks_categories":[{"term_id":2,"name":"News","slug":"news","term_group":0,"term_taxonomy_id":2,"taxonomy":"category","description":"","parent":0,"count":363,"filter":"raw","cat_ID":2,"category_count":363,"category_description":"","cat_name":"News","category_nicename":"news","category_parent":0}],"rise-blocks_excerpt":"O Curso de Estrat\u00e9gia Mar\u00edtima \u2013 ESMAR promovido pela Funda\u00e7\u00e3o de Estudos do Mar, em parceria com a Escola de Guerra Naval, visa proporcionar aos participantes conhecimentos b\u00e1sicos da Estrat\u00e9gia Mar\u00edtima Nacional, enfatizando os aspectos da Conjuntura Internacional e Nacional, do Poder Mar\u00edtimo e da Estrat\u00e9gia Nacional de Defesa.","_links":{"self":[{"href":"https:\/\/fundacaofemar.org.br\/portalwordpress\/wp-json\/wp\/v2\/posts\/9946","targetHints":{"allow":["GET"]}}],"collection":[{"href":"https:\/\/fundacaofemar.org.br\/portalwordpress\/wp-json\/wp\/v2\/posts"}],"about":[{"href":"https:\/\/fundacaofemar.org.br\/portalwordpress\/wp-json\/wp\/v2\/types\/post"}],"author":[{"embeddable":true,"href":"https:\/\/fundacaofemar.org.br\/portalwordpress\/wp-json\/wp\/v2\/users\/9"}],"replies":[{"embeddable":true,"href":"https:\/\/fundacaofemar.org.br\/portalwordpress\/wp-json\/wp\/v2\/comments?post=9946"}],"version-history":[{"count":0,"href":"https:\/\/fundacaofemar.org.br\/portalwordpress\/wp-json\/wp\/v2\/posts\/9946\/revisions"}],"wp:attachment":[{"href":"https:\/\/fundacaofemar.org.br\/portalwordpress\/wp-json\/wp\/v2\/media?parent=9946"}],"wp:term":[{"taxonomy":"category","embeddable":true,"href":"https:\/\/fundacaofemar.org.br\/portalwordpress\/wp-json\/wp\/v2\/categories?post=9946"},{"taxonomy":"post_tag","embeddable":true,"href":"https:\/\/fundacaofemar.org.br\/portalwordpress\/wp-json\/wp\/v2\/tags?post=9946"}],"curies":[{"name":"wp","href":"https:\/\/api.w.org\/{rel}","templated":true}]}}